{"id":8980,"date":"2011-04-03T20:59:00","date_gmt":"2011-04-03T20:59:00","guid":{"rendered":"https:\/\/michaelzine.com\/Wordpress\/?p=8980"},"modified":"2024-03-02T21:09:44","modified_gmt":"2024-03-02T21:09:44","slug":"man-in-the-music","status":"publish","type":"post","link":"https:\/\/michaelzine.com\/Wordpress\/?p=8980","title":{"rendered":"Man in the Music"},"content":{"rendered":"\n<p>En\u00a0<strong>septembre 2011<\/strong>,\u00a0<strong>Joe Vogel<\/strong>\u00a0sortira un livre (en anglais) qui s\u2019annonce passionnant.<br>Intitul\u00e9 : \u201c<strong>Man in the Music: The Creative Life and Work of Michael Jackson<\/strong>\u201c, cet ouvrage a n\u00e9cessit\u00e9 5 ans de recherches.<\/p>\n\n\n\n<div style=\"height:28px\" aria-hidden=\"true\" class=\"wp-block-spacer\"><\/div>\n\n\n\n<figure class=\"wp-block-embed is-type-wp-embed is-provider-michaelzine wp-block-embed-michaelzine\"><div class=\"wp-block-embed__wrapper\">\n<blockquote class=\"wp-embedded-content\" data-secret=\"E0Qzh8zzcx\"><a href=\"https:\/\/michaelzine.com\/Wordpress\/?p=8977\">Les dessous de l&#8217;histoire<\/a><\/blockquote><iframe loading=\"lazy\" class=\"wp-embedded-content\" sandbox=\"allow-scripts\" security=\"restricted\" style=\"position: absolute; clip: rect(1px, 1px, 1px, 1px);\" title=\"\u00ab\u00a0Les dessous de l&#8217;histoire\u00a0\u00bb &#8212; MICHAELzine\" src=\"https:\/\/michaelzine.com\/Wordpress\/?p=8977&#038;embed=true#?secret=S7iLrHhuZj#?secret=E0Qzh8zzcx\" data-secret=\"E0Qzh8zzcx\" width=\"600\" height=\"338\" frameborder=\"0\" marginwidth=\"0\" marginheight=\"0\" scrolling=\"no\"><\/iframe>\n<\/div><\/figure>\n\n\n\n<div style=\"height:31px\" aria-hidden=\"true\" class=\"wp-block-spacer\"><\/div>\n\n\n\n<p>Lors d\u2019une interview, l\u2019auteur est revenu sur son travail et sur ses motivations. Un r\u00e9cent article sur le titre \u201cHollywood Tonight\u201d [cf.\u00a0News du 15\/03\/2011 : Les dessous de l&#8217;histoire ?] avait d\u00e9j\u00e0 donn\u00e9 un petit aper\u00e7u du contenu du livre. La r\u00e9flexion s&#8217;appuie notamment sur les cr\u00e9ations artistiques de Michael Jackson en cherchant \u00e0 d\u00e9terminer les \u00e9tapes du processus cr\u00e9atif mais \u00e9galement l\u2019\u00e9tat d\u2019esprit qui animait MJ ou ses collaborateurs, le d\u00e9vouement de MJ pour son art,\u2026<br>Pour la r\u00e9daction de son livre, J. Vogel a rencontr\u00e9 de nombreuses personnes qui ont travaill\u00e9 ou c\u00f4toy\u00e9 le Roi de la Pop.<\/p>\n\n\n<div class=\"wp-block-image\">\n<figure class=\"alignleft size-full\"><a href=\"https:\/\/michaelzine.com\/Wordpress\/wp-content\/uploads\/2024\/03\/Joseph_Vogel_Man_in_the_Music_Book_Michael_Jackson_01.jpg\"><img loading=\"lazy\" decoding=\"async\" width=\"200\" height=\"200\" src=\"https:\/\/michaelzine.com\/Wordpress\/wp-content\/uploads\/2024\/03\/Joseph_Vogel_Man_in_the_Music_Book_Michael_Jackson_01.jpg\" alt=\"\" class=\"wp-image-8983\" srcset=\"https:\/\/michaelzine.com\/Wordpress\/wp-content\/uploads\/2024\/03\/Joseph_Vogel_Man_in_the_Music_Book_Michael_Jackson_01.jpg 200w, https:\/\/michaelzine.com\/Wordpress\/wp-content\/uploads\/2024\/03\/Joseph_Vogel_Man_in_the_Music_Book_Michael_Jackson_01-150x150.jpg 150w\" sizes=\"(max-width: 200px) 100vw, 200px\" \/><\/a><\/figure><\/div>\n\n\n<p>Quand il \u00e9tait \u00e2g\u00e9 de 7-8 ans, J. Vogel a d\u00e9couvert Michael Jackson : \u201cThe Legend continues\u201d ou encore la soir\u00e9e \u201cMotown 25th\u201d ont jet\u00e9 les bases de sa passion de fan.<\/p>\n\n\n\n<p>Joe Vogel confie que lorsqu\u2019il a commenc\u00e9 ses recherches pour l\u2019\u00e9criture du livre, il n\u2019avait aucune id\u00e9e de ce qu\u2019il trouverait. C\u2019est le proc\u00e8s de 2005 qui a jou\u00e9 un r\u00f4le de d\u00e9clic : \u201cJ<em>\u2018ai commenc\u00e9 au milieu de son proc\u00e8s car j\u2019\u00e9tais frustr\u00e9 de voir \u00e0 quel point les gens avaient oubli\u00e9 \u2013 ou simplement jamais compris \u2013 son g\u00e9nie artistique. L\u2019id\u00e9e de d\u00e9part \u00e9tait de donner des interpr\u00e9tations de ses chansons. Puis le projet \u00e0 \u00e9volu\u00e9<\/em>.\u201d<\/p>\n\n\n\n<p>Selon lui, les personnes qui ont travaill\u00e9 avec MJ ont en commun d\u2019avoir appr\u00e9ci\u00e9 \u201c<em>sa passion et sa joie, son d\u00e9sir d\u2019innover et de simplement cr\u00e9er un excellent travail<\/em>\u201c. A partir de l\u2019\u00e9poque de l\u2019album \u201cBAD\u201d, ils ont \u00e9galement ressenti \u201c<em>une confiance retrouv\u00e9e et l\u2019autonomie dans l\u2019accomplissement de sa vision cr\u00e9ative<\/em>\u201c.<\/p>\n\n\n\n<p>Joe Vogel ajoute que Michael consid\u00e9rait que c\u2019\u00e9tait \u00e0 travers son art que les gens pouvaient le comprendre.<\/p>\n\n\n\n<p>L\u2019auteur confie avoir eu quelques surprises au cours de ses recherches. En fait, il aurait pu \u00e9crire un livre sur chaque album du Roi de la Pop tellement il y avait d\u2019informations qui apparaissaient lorsque l\u2019on s\u2019int\u00e9ressait \u00e0 la cr\u00e9ation de chaque chanson.<\/p>\n\n\n\n<p>A propos de la conception artistique laiss\u00e9e par MJ , Joe Vogel consid\u00e8re qu\u2019il \u201c<em>refusait d\u2019accepter le monde tel qu\u2019il \u00e9tait. [Il] voulait [un monde] plus conscient, \u00e0 l\u2019\u00e9coute, connect\u00e9, juste, aimant, cr\u00e9atif et libre<\/em>\u201c.<\/p>\n\n\n\n<p>Concernant l\u2019album \u201cMichael\u201d, J. Vogel indique qu\u2019aucun album posthume du Roi de la Pop ne pourra \u00eatre compar\u00e9 \u00e0 ceux qu\u2019il a sorti de son vivant.<br>A titre personnel, Vogel souhaiterait que les morceaux in\u00e9dits de MJ soient commercialis\u00e9s tels qu\u2019il les a laiss\u00e9s.<\/p>\n\n\n\n<p>Enfin, l\u2019objectif du livre est surtout que \u201c<em>Michael soit reconnu pour ce qu\u2019il \u00e9tait et ce qu\u2019il est : l\u2019un des artistes les plus importants du si\u00e8cle pass\u00e9<\/em>.\u201d<\/p>\n\n\n\n<div style=\"height:35px\" aria-hidden=\"true\" class=\"wp-block-spacer\"><\/div>\n\n\n\n<p><strong>Sources : mjtpmagazine.presspublisher.us \/ MJLegend<\/strong><\/p>\n\n\n\n<p><em>03 Apr 2011 by BIGBROTHER<\/em><\/p>\n","protected":false},"excerpt":{"rendered":"<p>En\u00a0septembre 2011,\u00a0Joe Vogel\u00a0sortira un livre (en anglais) qui s\u2019annonce passionnant.Intitul\u00e9 : \u201cMan in the Music:<\/p>\n","protected":false},"author":1,"featured_media":8981,"comment_status":"open","ping_status":"open","sticky":false,"template":"","format":"standard","meta":{"footnotes":""},"categories":[26,14],"tags":[],"class_list":["post-8980","post","type-post","status-publish","format-standard","has-post-thumbnail","hentry","category-news","category-presse-livres"],"_links":{"self":[{"href":"https:\/\/michaelzine.com\/Wordpress\/index.php?rest_route=\/wp\/v2\/posts\/8980"}],"collection":[{"href":"https:\/\/michaelzine.com\/Wordpress\/index.php?rest_route=\/wp\/v2\/posts"}],"about":[{"href":"https:\/\/michaelzine.com\/Wordpress\/index.php?rest_route=\/wp\/v2\/types\/post"}],"author":[{"embeddable":true,"href":"https:\/\/michaelzine.com\/Wordpress\/index.php?rest_route=\/wp\/v2\/users\/1"}],"replies":[{"embeddable":true,"href":"https:\/\/michaelzine.com\/Wordpress\/index.php?rest_route=%2Fwp%2Fv2%2Fcomments&post=8980"}],"version-history":[{"count":2,"href":"https:\/\/michaelzine.com\/Wordpress\/index.php?rest_route=\/wp\/v2\/posts\/8980\/revisions"}],"predecessor-version":[{"id":8985,"href":"https:\/\/michaelzine.com\/Wordpress\/index.php?rest_route=\/wp\/v2\/posts\/8980\/revisions\/8985"}],"wp:featuredmedia":[{"embeddable":true,"href":"https:\/\/michaelzine.com\/Wordpress\/index.php?rest_route=\/wp\/v2\/media\/8981"}],"wp:attachment":[{"href":"https:\/\/michaelzine.com\/Wordpress\/index.php?rest_route=%2Fwp%2Fv2%2Fmedia&parent=8980"}],"wp:term":[{"taxonomy":"category","embeddable":true,"href":"https:\/\/michaelzine.com\/Wordpress\/index.php?rest_route=%2Fwp%2Fv2%2Fcategories&post=8980"},{"taxonomy":"post_tag","embeddable":true,"href":"https:\/\/michaelzine.com\/Wordpress\/index.php?rest_route=%2Fwp%2Fv2%2Ftags&post=8980"}],"curies":[{"name":"wp","href":"https:\/\/api.w.org\/{rel}","templated":true}]}}