{"id":812,"date":"2020-04-10T23:42:42","date_gmt":"2020-04-10T23:42:42","guid":{"rendered":"http:\/\/michaelzine.com\/Wordpress\/?p=812"},"modified":"2020-06-07T14:43:24","modified_gmt":"2020-06-07T14:43:24","slug":"__trashed","status":"publish","type":"post","link":"https:\/\/michaelzine.com\/Wordpress\/?p=812","title":{"rendered":"Le Jacksonisme est-il en crise ?"},"content":{"rendered":"\n<p>Les \u00e9v\u00e9nements dramatiques qui touchent en ce moment nos soci\u00e9t\u00e9s, de l\u2019\u00e9pid\u00e9mie de Covid-19 \u00e0 la d\u00e9sorganisation de nos \u00e9conomies en passant par la peut \u00eatre n\u00e9cessaire red\u00e9finition de notre rapport aux autres, remettent en cause un certain nombre de nos certitudes.&nbsp; <\/p>\n\n\n\n<p>Parmi ces certitudes, il y a <strong>une mani\u00e8re de voir les choses inspir\u00e9e par le fait d\u2019\u00eatre fan de Michael Jackson<\/strong>, ce que nous appellerons dans cet article, et pour plus de l\u00e9g\u00e9ret\u00e9, le \u00ab<strong>&nbsp;Jacksonisme&nbsp;<\/strong>\u00bb. <\/p>\n\n\n\n<p>Nous n\u2019avons jamais fait partie\ndes personnes qui voyaient MJ comme un dieu ou un \u00eatre infaillible, un \u00eatre\nsup\u00e9rieur qui donnerait les r\u00e9ponses \u00e0 tous nos maux. <\/p>\n\n\n\n<p>Selon nous, Michael Jackson, au\nm\u00eame titre que d\u2019autres artistes dont les uns et les autres sont fans, peut\ninfluer sur notre vision des choses m\u00eame si nous nous forgeons notre propre\nopinion et que nous avons chacun des personnalit\u00e9s diff\u00e9rentes. <\/p>\n\n\n\n<p>On peut aussi se rapprocher de l\u2019univers d\u2019un artiste car il correspond \u00e0 certaines de nos valeurs. En comprenant cela, on sort du clich\u00e9, parfois volontairement v\u00e9hicul\u00e9 par les m\u00e9dias, de fans qui ne savent pas r\u00e9fl\u00e9chir sans prendre conseil aupr\u00e8s de leur idole. <\/p>\n\n\n\n<p>Etre fan, c\u2019est entretenir une relation avec l\u2019univers d\u2019un artiste et cela ne signifie pas obligatoirement \u00eatre un fanatique. Les forums de fans sont d\u2019ailleurs souvent les espaces o\u00f9 l\u2019idole est souvent critiqu\u00e9 plus qu\u2019encens\u00e9. <\/p>\n\n\n\n<div style=\"height:55px\" aria-hidden=\"true\" class=\"wp-block-spacer\"><\/div>\n\n\n\n<p style=\"font-size:25px\" class=\"has-text-color has-vivid-red-color\"><strong>Les id\u00e9aux des chansons jacksoniennes rattrap\u00e9s par la r\u00e9alit\u00e9 ? <\/strong><\/p>\n\n\n\n<figure class=\"wp-block-gallery columns-1 is-cropped wp-block-gallery-1 is-layout-flex wp-block-gallery-is-layout-flex\"><ul class=\"blocks-gallery-grid\"><li class=\"blocks-gallery-item\"><figure><img loading=\"lazy\" decoding=\"async\" width=\"700\" height=\"450\" src=\"http:\/\/michaelzine.com\/Wordpress\/wp-content\/uploads\/2020\/04\/michael_jackson_maninthemirror_earthsong_heal_the_world_we_are_the_world.jpg\" alt=\"\" data-id=\"850\" data-full-url=\"http:\/\/michaelzine.com\/Wordpress\/wp-content\/uploads\/2020\/04\/michael_jackson_maninthemirror_earthsong_heal_the_world_we_are_the_world.jpg\" data-link=\"http:\/\/michaelzine.com\/Wordpress\/?attachment_id=850\" class=\"wp-image-850\" srcset=\"https:\/\/michaelzine.com\/Wordpress\/wp-content\/uploads\/2020\/04\/michael_jackson_maninthemirror_earthsong_heal_the_world_we_are_the_world.jpg 700w, https:\/\/michaelzine.com\/Wordpress\/wp-content\/uploads\/2020\/04\/michael_jackson_maninthemirror_earthsong_heal_the_world_we_are_the_world-300x193.jpg 300w, https:\/\/michaelzine.com\/Wordpress\/wp-content\/uploads\/2020\/04\/michael_jackson_maninthemirror_earthsong_heal_the_world_we_are_the_world-480x309.jpg 480w\" sizes=\"(max-width: 700px) 100vw, 700px\" \/><\/figure><\/li><\/ul><\/figure>\n\n\n\n<p>Que ce soit dans des chansons comme &#8220;Man in the mirror&#8221;, &#8220;Keep The Faith&#8221;, &#8220;Heal The World&#8221;, &#8220;We are the World&#8221;,  &#8220;Cry&#8221;, &#8220;What More Can I Give?&#8221;  \u00e0 chaque fois Michael Jackson a diffus\u00e9 une certaine vision du monde. <\/p>\n\n\n\n<p>Il ne d\u00e9veloppait pas une conception &#8220;bisounours&#8221; mais un message de responsabilit\u00e9 individuelle et collective conscient des drames dans le monde ou des difficult\u00e9s du quotidien. <\/p>\n\n\n\n<p>Le message sous-jacent  oscillait entre la n\u00e9cessit\u00e9 de fraternit\u00e9 face \u00e0 la haine mais aussi, voire surtout, le fait de se prendre en main pour changer int\u00e9rieurement  avant de pouvoir changer le monde. <\/p>\n\n\n\n<p>Michael Jackson a de son vivant exprim\u00e9 cette id\u00e9e selon laquelle, il ne faut pas tout attendre des gouvernants. Il faut d\u00e9j\u00e0 agir \u00e0 notre niveau et dans notre quotidien. <\/p>\n\n\n\n<p>Bien s\u00fbr, parler de fraternit\u00e9 quand les Etats se barricadent, quand les personnels de soins sont parfois la cible d&#8217;actes violents, quand c&#8217;est du chacun pour soi au moment de refaire ses r\u00e9serves de nourriture, cela peut para\u00eetre en d\u00e9calage complet. <\/p>\n\n\n\n<p>En r\u00e9alit\u00e9, le message diffus\u00e9 par Michael Jackson garde tout son sens : n&#8217;attendons pas que les gouvernants agissent, prenons nos responsabilit\u00e9s. <\/p>\n\n\n\n<div style=\"height:36px\" aria-hidden=\"true\" class=\"wp-block-spacer\"><\/div>\n\n\n\n<p>Respectons les consignes sanitaires pour prot\u00e9ger les autres mais ne tombons pas dans le panneau des discours officiels (et nous ne parlons pas uniquement de la France, mais aussi de la propagande chinoise, de ce qui s&#8217;est dit aux USA, etc.). <\/p>\n\n\n\n<p>N&#8217;attendons pas les consignes d&#8217;un Etat pour agir. Prenons sconcience de la gravit\u00e9 de la situation et agissons nous-m\u00eames en cons\u00e9quence pour \u00e9viter une plus large diffusion du virus Covid-19. <\/p>\n\n\n\n<p>Soyons solidaires et les lignes bougeront. <\/p>\n\n\n\n<p>Il y a une semaine l&#8217;Estate Michael Jackson a actualis\u00e9 le message de &#8220;Heal The World&#8221;  (&#8220;<strong>Gu\u00e9ris le Monde<\/strong>&#8220;) autour de la th\u00e9matique du Covid-19 en guise d&#8217;appel \u00e0 la fraternit\u00e9 dans ces heures sombres. <\/p>\n\n\n\n<figure class=\"wp-block-embed-youtube wp-block-embed is-type-video is-provider-youtube wp-embed-aspect-16-9 wp-has-aspect-ratio\"><div class=\"wp-block-embed__wrapper\">\n<iframe loading=\"lazy\" title=\"Michael Jackson - Heal the World (2020)\" width=\"640\" height=\"360\" src=\"https:\/\/www.youtube.com\/embed\/nhcG9wqn0gU?feature=oembed\" frameborder=\"0\" allow=\"accelerometer; autoplay; clipboard-write; encrypted-media; gyroscope; picture-in-picture; web-share\" referrerpolicy=\"strict-origin-when-cross-origin\" allowfullscreen><\/iframe>\n<\/div><\/figure>\n\n\n\n<p><\/p>\n\n\n\n<p><\/p>\n\n\n\n<p>Dans notre pr\u00e9c\u00e9dent article, qui portait sur l&#8217;\u00e9pid\u00e9mie, nous avions choisi en guise d&#8217;accroche une image extraite du tournage du vid\u00e9oclip Earth Song. Ce n&#8217;\u00e9tait pas un hasard. <\/p>\n\n\n\n<p>Dans &#8220;Earth Song&#8221;, M. Jackson \u00e9voque les ravages de la guerre tout comme  la destruction de l&#8217;environnement et l&#8217;extermination d&#8217;esp\u00e8ces animales. <\/p>\n\n\n\n<figure class=\"wp-block-embed-youtube wp-block-embed is-type-video is-provider-youtube wp-embed-aspect-4-3 wp-has-aspect-ratio\"><div class=\"wp-block-embed__wrapper\">\n<iframe loading=\"lazy\" title=\"Michael Jackson - Earth Song (Official Video)\" width=\"640\" height=\"480\" src=\"https:\/\/www.youtube.com\/embed\/XAi3VTSdTxU?feature=oembed\" frameborder=\"0\" allow=\"accelerometer; autoplay; clipboard-write; encrypted-media; gyroscope; picture-in-picture; web-share\" referrerpolicy=\"strict-origin-when-cross-origin\" allowfullscreen><\/iframe>\n<\/div><\/figure>\n\n\n\n<p>L\u00e0 aussi , \u00e0 nos yeux, cette probl\u00e9matique est plus que jamais d&#8217;actualit\u00e9. Plusieurs virus, comme le VIH et Ebola, sont probablement  \u00e0 mettre en lien avec les cons\u00e9quences de la d\u00e9forestation. <\/p>\n\n\n\n<p><a href=\"https:\/\/www.sciencesetavenir.fr\/sante\/sida-on-connait-desormais-l-origine-des-quatre-souches-du-virus_28661\">https:\/\/www.sciencesetavenir.fr\/sante\/sida-on-connait-desormais-l-origine-des-quatre-souches-du-virus_28661<\/a><\/p>\n\n\n\n<p><a href=\"https:\/\/www.sciencesetavenir.fr\/sante\/ebola-a-l-origine-de-l-epidemie-un-enfant-jouait-dans-un-arbre_12490\">https:\/\/www.sciencesetavenir.fr\/sante\/ebola-a-l-origine-de-l-epidemie-un-enfant-jouait-dans-un-arbre_12490<\/a><\/p>\n\n\n\n<p>Ou en tout cas \u00e0 des atteintes port\u00e9es \u00e0 des esp\u00e8ces animales, comme avec le SRAS (la civette) et possiblement avec le Covid-19 (le pangolin ?).<\/p>\n\n\n\n<p><a href=\"https:\/\/www.lexpress.fr\/actualite\/sciences\/non-la-chine-n-a-pas-tire-les-lecons-du-sras_2117153.html\">https:\/\/www.lexpress.fr\/actualite\/sciences\/non-la-chine-n-a-pas-tire-les-lecons-du-sras_2117153.html<\/a><\/p>\n\n\n\n<p>Il ne souffre d&#8217;aucune contestation que le jacksonisme donne des cl\u00e9s de compr\u00e9hension pour ce qui arrive aujourd&#8217;hui, sur les diff\u00e9rents virus \u00e9voqu\u00e9s plus haut, que ce soit pour la d\u00e9forestation ou la consommation de viande d&#8217;animaux sauvages. <\/p>\n\n\n\n<p>On parle pourtant d&#8217;un artiste et de ses chansons. Pas d&#8217;un homme politique et d&#8217;un projet de soci\u00e9t\u00e9. <\/p>\n\n\n\n<p>Le grand public connait dans son ensemble,  le message de Michael Jackson et a toujours per\u00e7u ces chansons comme des avertissements et des appels \u00e0 une prise de conscience. <\/p>\n\n\n\n<p>Les m\u00e9dias et les partis politiques voudraient  plut\u00f4t  vous proposer de suivre le dernier venu, sur lequel ils pourront vous vendre des heures de programmes et des tonnes d&#8217;articles. <\/p>\n\n\n\n<p>En mars, Lionel Richie confiait au magazine &#8220;People&#8221; avoir essay\u00e9 de r\u00e9fl\u00e9chir \u00e0 l&#8217;\u00e9criture d&#8217;une nouvelle chanson pour r\u00e9colter des fonds \u00e0 destination des  victimes du Covid-19. Mais \u00e0 chaque fois, certaines paroles de &#8220;We are the World&#8221;, qu&#8217;il a co-\u00e9crites avec M. Jackson, s&#8217;imposaient \u00e0 lui :  &#8220;Il y a un choix que nous faisons, nous sauvons nos propres vies&#8221; <\/p>\n\n\n\n<p>Pour Richie, 35 ans apr\u00e8s sa sortie,  le message de &#8220;We are the World&#8221; est &#8220;tellement clair&#8221;. Clair et actuel : en luttant tous ensemble contre la pand\u00e9mie, nous sauvons  des vies dans le monde mais aussi nos propres vies. <\/p>\n\n\n\n<p><\/p>\n\n\n\n<p><\/p>\n\n\n\n<div style=\"height:46px\" aria-hidden=\"true\" class=\"wp-block-spacer\"><\/div>\n\n\n\n<p style=\"font-size:30px\" class=\"has-text-color has-vivid-red-color\"><strong>Sommes-nous devenus amis avec les m\u00e9dias ? <\/strong><\/p>\n\n\n\n<p>La situation tragique que nous vivons suscite des incertitudes et des questionnements. C&#8217;est donc tout naturellement que les personnes se tournent vers les m\u00e9dias pour avoir des r\u00e9ponses. <\/p>\n\n\n\n<p>Journaux t\u00e9l\u00e9vis\u00e9s , \u00e9missions sp\u00e9ciales \u00e0 la TV  et \u00e0 la Radio, nous accueillent d\u00e9sormais sur un ton compatissant, pour nous dire de les suivre car ils vont nous accompagner dans le d\u00e9cryptage des \u00e9v\u00e9nements. <\/p>\n\n\n\n<p> <strong>La d\u00e9fiance envers les m\u00e9dias pr\u00e9sente dans l&#8217;oeuvre de Michael Jackson<\/strong>, comme par exemple dans les titres &#8220;Tablo\u00efd Junkie&#8221;, &#8220;Leave me alone&#8221;, &#8220;They don&#8217;t care about us&#8221;, &#8220;Scream&#8221;,<strong> est-elle par cons\u00e9quent \u00e0 mettre aux oubliettes ?<\/strong> <\/p>\n\n\n\n<p>En r\u00e9alit\u00e9, rien n&#8217;a chang\u00e9.  Les m\u00e9dias se sont simplement adapt\u00e9s avant de laisser entrevoir \u00e0 nouveau leur v\u00e9ritable visage. La crise persistant, et chaque chaine d&#8217;infos ou radios abordant le m\u00eame sujet, il faut se d\u00e9marquer et revenir aux pol\u00e9miques, aux sujets faits \u00e0 la va-vite sans v\u00e9rification des sources ou sans questionnement pertinent aux r\u00e9els responsables. <\/p>\n\n\n\n<p>Lors de tables rondes, les animateurs plus que journalistes,  n&#8217;ont aucun scrupule \u00e0 interroger un constitutionnaliste ou un \u00e9ditorialiste politique sur l&#8217;efficacit\u00e9 d&#8217;un traitement m\u00e9dical ou un m\u00e9decin aux urgences sur les solutions \u00e0 envisager pour la relance de l&#8217;\u00e9conomie. Tout cela est path\u00e9tique mais permet des d\u00e9bats foutoirs d&#8217;o\u00f9 peuvent sortir des moments de cirque qui attireront les spectateurs ou les auditeurs. <\/p>\n\n\n\n<p>Alors que le d\u00e9confinement n&#8217;est pas \u00e0 l&#8217;ordre du jour, les m\u00e9dias ont multipli\u00e9 les sujets quotidiens pendant plusieurs jours pour laisser entrevoir aux fran\u00e7ais cette possibilit\u00e9 (&#8220;qu&#8217;est-ce que vous allez faire au moment du d\u00e9confinement?&#8221;, &#8220;comment allons nous nous organiser ?&#8221;, &#8220;qui va \u00eatre d\u00e9confin\u00e9 en premier ?&#8221;,&#8230;). <\/p>\n\n\n\n<p>Demander aux gens d&#8217;envisager le d\u00e9confinement, de s&#8217;imaginer dehors, leur donner encore plus envie de retrouver des \u00eatres chers dont ils sont s\u00e9par\u00e9s alors que la plupart font l&#8217;effort depuis 3 semaines de rester confin\u00e9, c&#8217;est malsain. D&#8217;autant que les m\u00e9dias savaient tr\u00e8s bien, comme ceux qui suivent l&#8217;\u00e9volution de la pand\u00e9mie dans notre pays, que le confinement allait \u00eatre prolong\u00e9. <\/p>\n\n\n\n<p>Tous les m\u00e9dias ne jouent pas leur r\u00f4le d&#8217;information du grand public. Ils jouent avec vos \u00e9motions, vos peurs, vos angoisses.<\/p>\n\n\n\n<p>En r\u00e9alit\u00e9, les m\u00e9dias sont faussement f\u00e9d\u00e9rateurs.  Il y a l&#8217;image qu&#8217;ils veulent donner pour \u00eatre per\u00e7us  comme cr\u00e9dibles et une fois que vous les regardez, ils mettent en route  les pol\u00e9miques, les oppositions entre personnages, les petites phrases sorties de leurs contextes qui nous font rester devant l&#8217;\u00e9cran ou \u00e9couter la radio car nous sommes choqu\u00e9s et que nous cherchons \u00e0 comprendre o\u00f9 les d\u00e9batteurs veulent en venir. <\/p>\n\n\n\n<p>Il est d\u00e9plorable de sentir \u00e0 certains moments comme une jubilation de la part d&#8217;animateurs radio , ou pr\u00e9sentateurs\/pr\u00e9sentatrices de JT ou d&#8217;\u00e9missions sur les chaines infos, \u00e0 surjouer \u00e0 l&#8217;aide d&#8217;une avalanche de qualificatifs, quand ils pr\u00e9sentent la crise sanitaire.<\/p>\n\n\n\n<p>Normal, leurs audiences \u00e9taient en berne avant la crise sanitaire, ils risquaient leurs places et ils retrouvent depuis 3 semaines des parts de march\u00e9 qu&#8217;ils voyaient de plus en plus inaccessibles. <\/p>\n\n\n\n<p>Bien \u00e9videmment, nous ne mettons pas tous les m\u00e9dias dans le m\u00eame sac et il arrive que certains sujets soient abord\u00e9s avec s\u00e9rieux. Cela d\u00e9pend des moments. <\/p>\n\n\n\n<p>Mais de nombreux m\u00e9dias n&#8217;ont pas chang\u00e9 et sont pr\u00eats \u00e0 tout pour faire de l&#8217;audience. Et notre d\u00e9fiance envers eux n&#8217;en est que renouvel\u00e9e. <\/p>\n\n\n\n<p>A nous d&#8217;aller chercher l&#8217;information l\u00e0 o\u00f9 elle est : <a href=\"https:\/\/t.me\/s\/coronalive?fbclid=IwAR22mUOoBMH046AW--O1xLQ_vEYdCjNhQl1-e2FasSwEOiyj7Xo5H_c__7w\">https:\/\/t.me\/s\/coronalive<\/a><\/p>\n\n\n\n<p>A chacun de se faire sa propre opinion. <\/p>\n\n\n\n<div style=\"height:46px\" aria-hidden=\"true\" class=\"wp-block-spacer\"><\/div>\n\n\n\n<p style=\"font-size:30px\" class=\"has-text-color has-vivid-red-color\"><strong>L&#8217;image de Michael Jackson vieillit mal ? R\u00e9fl\u00e9chir par rapport \u00e0 lui, c&#8217;est \u00eatre d\u00e9connect\u00e9 de la r\u00e9alit\u00e9 ? <\/strong><\/p>\n\n\n\n<p>Associer Michael Jackson \u00e0 quelque chose de d\u00e9mod\u00e9 peut para\u00eetre compr\u00e9hensible. Les nouveaut\u00e9s sont en effet nombreuses en termes de looks et d&#8217;apparence.<\/p>\n\n\n\n<p>Probl\u00e8me : ce que nous vivons aujourd&#8217;hui nous montre que certaines critiques sur son apparence ass\u00e9n\u00e9es sans arr\u00eat de son vivant  traduisaient une b\u00eatise path\u00e9tique. <\/p>\n\n\n\n<p>Que n&#8217;avons-nous pas entendu sur le vitiligo de Michael Jackson pendant plusieurs d\u00e9cennies ? <\/p>\n\n\n\n<figure class=\"wp-block-gallery columns-1 wp-block-gallery-2 is-layout-flex wp-block-gallery-is-layout-flex\"><ul class=\"blocks-gallery-grid\"><li class=\"blocks-gallery-item\"><figure><img loading=\"lazy\" decoding=\"async\" width=\"450\" height=\"448\" src=\"http:\/\/michaelzine.com\/Wordpress\/wp-content\/uploads\/2020\/04\/michael_jackson_vitiligo.jpg\" alt=\"\" data-id=\"837\" data-full-url=\"http:\/\/michaelzine.com\/Wordpress\/wp-content\/uploads\/2020\/04\/michael_jackson_vitiligo.jpg\" data-link=\"http:\/\/michaelzine.com\/Wordpress\/?attachment_id=837\" class=\"wp-image-837\" srcset=\"https:\/\/michaelzine.com\/Wordpress\/wp-content\/uploads\/2020\/04\/michael_jackson_vitiligo.jpg 450w, https:\/\/michaelzine.com\/Wordpress\/wp-content\/uploads\/2020\/04\/michael_jackson_vitiligo-300x300.jpg 300w, https:\/\/michaelzine.com\/Wordpress\/wp-content\/uploads\/2020\/04\/michael_jackson_vitiligo-150x150.jpg 150w\" sizes=\"(max-width: 450px) 100vw, 450px\" \/><\/figure><\/li><\/ul><\/figure>\n\n\n\n<p>Mais il a suffi que les m\u00e9dias et les personnes qui le critiquaient d\u00e9cident plusieurs ann\u00e9es apr\u00e8s sa mort de trouver int\u00e9ressants pour leurs articles ou leur r\u00e9flexion le cas du mannequin &#8220;Winnie Harlow&#8221; pour qu&#8217;ils fassent la morale sur le  respect de cette diff\u00e9rence et nous racontent l&#8217;histoire du vitiligo comme s&#8217;ils nous apprenaient quelque chose de nouveau. <\/p>\n\n\n\n<figure class=\"wp-block-gallery columns-1 wp-block-gallery-3 is-layout-flex wp-block-gallery-is-layout-flex\"><ul class=\"blocks-gallery-grid\"><li class=\"blocks-gallery-item\"><figure><img loading=\"lazy\" decoding=\"async\" width=\"550\" height=\"430\" src=\"http:\/\/michaelzine.com\/Wordpress\/wp-content\/uploads\/2020\/04\/Winnie_Harlow.jpg\" alt=\"\" data-id=\"838\" data-full-url=\"http:\/\/michaelzine.com\/Wordpress\/wp-content\/uploads\/2020\/04\/Winnie_Harlow.jpg\" data-link=\"http:\/\/michaelzine.com\/Wordpress\/?attachment_id=838\" class=\"wp-image-838\" srcset=\"https:\/\/michaelzine.com\/Wordpress\/wp-content\/uploads\/2020\/04\/Winnie_Harlow.jpg 550w, https:\/\/michaelzine.com\/Wordpress\/wp-content\/uploads\/2020\/04\/Winnie_Harlow-300x235.jpg 300w, https:\/\/michaelzine.com\/Wordpress\/wp-content\/uploads\/2020\/04\/Winnie_Harlow-480x375.jpg 480w\" sizes=\"(max-width: 550px) 100vw, 550px\" \/><\/figure><\/li><\/ul><\/figure>\n\n\n\n<p>Les fans de Michael jackson \u00e9taient sensibilis\u00e9s \u00e0 cette maladie bien avant que les m\u00e9dias ne d\u00e9cident un beau jour d&#8217;en parler dans leurs colonnes. <\/p>\n\n\n\n<p>Vous vous rappelez de Michael Jackson, l&#8217;homme bizarre qui cachait une partie de son visage derri\u00e8re un masque chirurgical, montr\u00e9 comme Wacko Jacko (&#8220;Jacko le Dingue&#8221;) ? On disait m\u00eame qu&#8217;il avait peur des microbes et des maladies. Ils le condamnaient car il portait ce masque. <\/p>\n\n\n\n<p>Aujourd&#8217;hui, le port d&#8217;un masque, m\u00eame en tissu, est de plus en plus recommand\u00e9 pour le quotidien afin de limiter la propagation du Covid-19. <\/p>\n\n\n\n<p>Et les m\u00e9dias nous en parlent comme s&#8217;il s&#8217;agissait de la d\u00e9couverte du si\u00e8cle, alors que dans certains pays asiatiques, le port de ces masques est fr\u00e9quent et que pendant des d\u00e9cennies beaucoup se sont foutus de cet \u00e9trange Michael Jackson&#8230;<\/p>\n\n\n\n<p>D\u00e9sol\u00e9, mais nous ne pouvons pas \u00eatre en retard sur les m\u00e9dias que nous devan\u00e7ons.<\/p>\n\n\n\n<figure class=\"wp-block-gallery columns-1 wp-block-gallery-4 is-layout-flex wp-block-gallery-is-layout-flex\"><ul class=\"blocks-gallery-grid\"><li class=\"blocks-gallery-item\"><figure><img loading=\"lazy\" decoding=\"async\" width=\"823\" height=\"1024\" src=\"http:\/\/michaelzine.com\/Wordpress\/wp-content\/uploads\/2020\/04\/michael_jackson_masque_chirurgical-823x1024.jpg\" alt=\"\" data-id=\"839\" data-full-url=\"http:\/\/michaelzine.com\/Wordpress\/wp-content\/uploads\/2020\/04\/michael_jackson_masque_chirurgical.jpg\" data-link=\"http:\/\/michaelzine.com\/Wordpress\/?attachment_id=839\" class=\"wp-image-839\" srcset=\"https:\/\/michaelzine.com\/Wordpress\/wp-content\/uploads\/2020\/04\/michael_jackson_masque_chirurgical-823x1024.jpg 823w, https:\/\/michaelzine.com\/Wordpress\/wp-content\/uploads\/2020\/04\/michael_jackson_masque_chirurgical-241x300.jpg 241w, https:\/\/michaelzine.com\/Wordpress\/wp-content\/uploads\/2020\/04\/michael_jackson_masque_chirurgical-768x956.jpg 768w, https:\/\/michaelzine.com\/Wordpress\/wp-content\/uploads\/2020\/04\/michael_jackson_masque_chirurgical-740x921.jpg 740w, https:\/\/michaelzine.com\/Wordpress\/wp-content\/uploads\/2020\/04\/michael_jackson_masque_chirurgical-480x597.jpg 480w, https:\/\/michaelzine.com\/Wordpress\/wp-content\/uploads\/2020\/04\/michael_jackson_masque_chirurgical.jpg 1080w\" sizes=\"(max-width: 823px) 100vw, 823px\" \/><\/figure><\/li><\/ul><\/figure>\n\n\n\n<div style=\"height:67px\" aria-hidden=\"true\" class=\"wp-block-spacer\"><\/div>\n\n\n\n<p style=\"font-size:30px\" class=\"has-text-color has-vivid-red-color\"><strong>Le Jacksonisme est mort car il n&#8217;y a plus d&#8217;actualit\u00e9 sur Michael Jackson<\/strong> ?<\/p>\n\n\n\n<p>Plus d&#8217;actualit\u00e9 MJ donc impossible de vivre sa passion ?  C&#8217;est vrai que lorsque Michael Jackson \u00e9tait parmi nous, il inspirait des r\u00e9flexions en rapport avec l&#8217;actualit\u00e9. Le Jacksonisme \u00e9tait puissant. <\/p>\n\n\n\n<p>Mais le Jacksonisme, nous le construisons aussi.  Bien \u00e9videmment l&#8217;actualit\u00e9 officielle est ultra-limit\u00e9e. Mais il y a des choses qui se passent. <\/p>\n\n\n\n<p>Nous apprenions notamment le 26 janvier que le show &#8220;MJ ONE&#8221; du Cirque du Soleil avait plac\u00e9 en quarantaine 7 performeurs revenus d&#8217;un voyage en Chine. Bien qu&#8217;ils n&#8217;aient pas \u00e9t\u00e9 dans des r\u00e9gions concern\u00e9es par l&#8217;\u00e9pid\u00e9mie  et qu&#8217;ils ne pr\u00e9sentaient aucun sympt\u00f4me, la direction du spectacle avait d\u00e9cid\u00e9 cette mesure \u00e0 titre pr\u00e9ventif. <\/p>\n\n\n\n<p>Une d\u00e9cision act\u00e9e 5 jours avant que le gouvernement am\u00e9ricain ne prenne la premi\u00e8re mesure de mise en quarantaine des voyageurs venant de Chine.<\/p>\n\n\n\n<p> <\/p>\n\n\n\n<figure class=\"wp-block-embed-youtube wp-block-embed is-type-video is-provider-youtube wp-embed-aspect-16-9 wp-has-aspect-ratio\"><div class=\"wp-block-embed__wrapper\">\n<iframe loading=\"lazy\" title=\"Chinese artists held out of Michael Jackson ONE shows following trip to China\" width=\"640\" height=\"360\" src=\"https:\/\/www.youtube.com\/embed\/K84TMNIlscs?feature=oembed\" frameborder=\"0\" allow=\"accelerometer; autoplay; clipboard-write; encrypted-media; gyroscope; picture-in-picture; web-share\" referrerpolicy=\"strict-origin-when-cross-origin\" allowfullscreen><\/iframe>\n<\/div><\/figure>\n\n\n\n<p>C\u00f4t\u00e9 musical, fin mars Rodney Jerkins a notamment fait \u00e9couter lors d&#8217;un chat live un extrait de la d\u00e9mo de &#8220;You Rock My World&#8221;&#8216; (chant\u00e9e par  LaShawn Daniels)  <\/p>\n\n\n\n<figure class=\"wp-block-embed-youtube wp-block-embed is-type-video is-provider-youtube wp-embed-aspect-4-3 wp-has-aspect-ratio\"><div class=\"wp-block-embed__wrapper\">\n<iframe loading=\"lazy\" title=\"Unreleased demos from Michael Jackson and Rodney Jerkins\" width=\"640\" height=\"480\" src=\"https:\/\/www.youtube.com\/embed\/XZvSSnCxWrU?feature=oembed\" frameborder=\"0\" allow=\"accelerometer; autoplay; clipboard-write; encrypted-media; gyroscope; picture-in-picture; web-share\" referrerpolicy=\"strict-origin-when-cross-origin\" allowfullscreen><\/iframe>\n<\/div><\/figure>\n\n\n\n<p>Il y a aussi la publication de <strong>podcasts MJ<\/strong> : <\/p>\n\n\n\n<figure class=\"wp-block-embed-youtube wp-block-embed is-type-video is-provider-youtube wp-embed-aspect-16-9 wp-has-aspect-ratio\"><div class=\"wp-block-embed__wrapper\">\n<iframe loading=\"lazy\" title=\"5min \u00e0 Tuer : L\u2019histoire de Thriller (english subtitles)\" width=\"640\" height=\"360\" src=\"https:\/\/www.youtube.com\/embed\/9PwjkllLnHc?feature=oembed\" frameborder=\"0\" allow=\"accelerometer; autoplay; clipboard-write; encrypted-media; gyroscope; picture-in-picture; web-share\" referrerpolicy=\"strict-origin-when-cross-origin\" allowfullscreen><\/iframe>\n<\/div><\/figure>\n\n\n\n<figure class=\"wp-block-embed-youtube wp-block-embed is-type-video is-provider-youtube wp-embed-aspect-16-9 wp-has-aspect-ratio\"><div class=\"wp-block-embed__wrapper\">\n<iframe loading=\"lazy\" title=\"FAQ : Parlons Michael Jackson et un peu de moi !\" width=\"640\" height=\"360\" src=\"https:\/\/www.youtube.com\/embed\/cfiNbKkP7OQ?feature=oembed\" frameborder=\"0\" allow=\"accelerometer; autoplay; clipboard-write; encrypted-media; gyroscope; picture-in-picture; web-share\" referrerpolicy=\"strict-origin-when-cross-origin\" allowfullscreen><\/iframe>\n<\/div><\/figure>\n\n\n\n<p><\/p>\n\n\n\n<p>Un Chris Tucker toujours aussi d\u00e9jant\u00e9 (24 mars) :<\/p>\n\n\n\n<figure class=\"wp-block-embed-instagram wp-block-embed is-type-rich is-provider-instagram\"><div class=\"wp-block-embed__wrapper\">\nhttps:\/\/www.instagram.com\/p\/B-IUOQQBquD\/\n<\/div><\/figure>\n\n\n\n<p>L&#8217;Estate Michael Jackson a remis en ligne sur Youtube de mani\u00e8re temporaire 2 concerts  (Tourn\u00e9es du BAD Tour et du Dangerous Tour) : <\/p>\n\n\n\n<figure class=\"wp-block-embed-youtube wp-block-embed is-type-video is-provider-youtube wp-embed-aspect-4-3 wp-has-aspect-ratio\"><div class=\"wp-block-embed__wrapper\">\n<iframe loading=\"lazy\" title=\"Michael Jackson - Live At Wembley (July 16, 1988)\" width=\"640\" height=\"480\" src=\"https:\/\/www.youtube.com\/embed\/9shByOh8fVE?feature=oembed\" frameborder=\"0\" allow=\"accelerometer; autoplay; clipboard-write; encrypted-media; gyroscope; picture-in-picture; web-share\" referrerpolicy=\"strict-origin-when-cross-origin\" allowfullscreen><\/iframe>\n<\/div><\/figure>\n\n\n\n<p><\/p>\n\n\n\n<figure class=\"wp-block-embed-youtube wp-block-embed is-type-video is-provider-youtube wp-embed-aspect-4-3 wp-has-aspect-ratio\"><div class=\"wp-block-embed__wrapper\">\n<iframe loading=\"lazy\" title=\"Michael Jackson - Live In Bucharest (The Dangerous Tour)\" width=\"640\" height=\"480\" src=\"https:\/\/www.youtube.com\/embed\/Hxgo-Qu-ZZE?feature=oembed\" frameborder=\"0\" allow=\"accelerometer; autoplay; clipboard-write; encrypted-media; gyroscope; picture-in-picture; web-share\" referrerpolicy=\"strict-origin-when-cross-origin\" allowfullscreen><\/iframe>\n<\/div><\/figure>\n\n\n\n<p>Prince Jackson continue \u00e0 d\u00e9velopper des actions caritatives \u00e0 travers la Heal Los Angeles Foundation (Avril).<\/p>\n\n\n\n<figure class=\"wp-block-embed-instagram wp-block-embed is-type-rich is-provider-instagram\"><div class=\"wp-block-embed__wrapper\">\nhttps:\/\/www.instagram.com\/p\/B-SU_0NALNx\/\n<\/div><\/figure>\n\n\n\n<figure class=\"wp-block-gallery columns-1 is-cropped wp-block-gallery-5 is-layout-flex wp-block-gallery-is-layout-flex\"><ul class=\"blocks-gallery-grid\"><li class=\"blocks-gallery-item\"><figure><img loading=\"lazy\" decoding=\"async\" width=\"960\" height=\"507\" src=\"http:\/\/michaelzine.com\/Wordpress\/wp-content\/uploads\/2020\/04\/prince_jackson_heal_los_angeles_foundation_2020.jpg\" alt=\"\" data-id=\"834\" data-full-url=\"http:\/\/michaelzine.com\/Wordpress\/wp-content\/uploads\/2020\/04\/prince_jackson_heal_los_angeles_foundation_2020.jpg\" data-link=\"http:\/\/michaelzine.com\/Wordpress\/?attachment_id=834\" class=\"wp-image-834\" srcset=\"https:\/\/michaelzine.com\/Wordpress\/wp-content\/uploads\/2020\/04\/prince_jackson_heal_los_angeles_foundation_2020.jpg 960w, https:\/\/michaelzine.com\/Wordpress\/wp-content\/uploads\/2020\/04\/prince_jackson_heal_los_angeles_foundation_2020-300x158.jpg 300w, https:\/\/michaelzine.com\/Wordpress\/wp-content\/uploads\/2020\/04\/prince_jackson_heal_los_angeles_foundation_2020-768x406.jpg 768w, https:\/\/michaelzine.com\/Wordpress\/wp-content\/uploads\/2020\/04\/prince_jackson_heal_los_angeles_foundation_2020-740x391.jpg 740w, https:\/\/michaelzine.com\/Wordpress\/wp-content\/uploads\/2020\/04\/prince_jackson_heal_los_angeles_foundation_2020-480x254.jpg 480w\" sizes=\"(max-width: 960px) 100vw, 960px\" \/><\/figure><\/li><\/ul><\/figure>\n\n\n\n<p>Paris Jackson continue sa carri\u00e8re  de mod\u00e8le et de chanteuse. Elle a aussi  publi\u00e9 des clich\u00e9s rares de son enfance (F\u00e9vrier)  : <\/p>\n\n\n\n<figure class=\"wp-block-embed-instagram wp-block-embed is-type-rich is-provider-instagram\"><div class=\"wp-block-embed__wrapper\">\nhttps:\/\/www.instagram.com\/p\/B8f-2dwJ4dh\/\n<\/div><\/figure>\n\n\n\n<p>Il y a aussi des mixes de plus en plus r\u00e9alis\u00e9s \u00e0 partir de multitracks qui invitent \u00e0 red\u00e9couvrir la musique de Michael Jackson : <\/p>\n\n\n\n<figure class=\"wp-block-embed-youtube wp-block-embed is-type-video is-provider-youtube wp-embed-aspect-16-9 wp-has-aspect-ratio\"><div class=\"wp-block-embed__wrapper\">\nhttps:\/\/youtu.be\/l2NQu887guI\n<\/div><\/figure>\n\n\n\n<p><\/p>\n\n\n\n<p>La diffusion de vid\u00e9os in\u00e9dites (ici lors d&#8217;une birthday party, en studio d&#8217;enregistrement ou encore avec Nelson Mandela)  (avril) : <\/p>\n\n\n\n<figure class=\"wp-block-embed-youtube wp-block-embed is-type-video is-provider-youtube wp-embed-aspect-16-9 wp-has-aspect-ratio\"><div class=\"wp-block-embed__wrapper\">\n<iframe loading=\"lazy\" title=\"Michael Jackson Never Before Seen Studio Footage Plus More!\" width=\"640\" height=\"360\" src=\"https:\/\/www.youtube.com\/embed\/k7v5Wl0hhzA?feature=oembed\" frameborder=\"0\" allow=\"accelerometer; autoplay; clipboard-write; encrypted-media; gyroscope; picture-in-picture; web-share\" referrerpolicy=\"strict-origin-when-cross-origin\" allowfullscreen><\/iframe>\n<\/div><\/figure>\n\n\n\n<div style=\"height:61px\" aria-hidden=\"true\" class=\"wp-block-spacer\"><\/div>\n\n\n\n<p>C\u00f4t\u00e9 actualit\u00e9 de l&#8217;\u00e9quipe, nous travaillons sur 2 projets, que vous pourrez d\u00e9couvrir prochainement sur notre petite chaine Youtube &#8220;<strong>Mzine Music<\/strong>&#8221; :<\/p>\n\n\n\n<p class=\"has-text-color has-vivid-red-color\"><strong>La vid\u00e9o des r\u00e9sultats des Too BAD Awards qui comporte \u00e9galement un hommage \u00e0 MJ<\/strong>. <\/p>\n\n\n\n<figure class=\"wp-block-gallery columns-1 is-cropped wp-block-gallery-6 is-layout-flex wp-block-gallery-is-layout-flex\"><ul class=\"blocks-gallery-grid\"><li class=\"blocks-gallery-item\"><figure><img loading=\"lazy\" decoding=\"async\" width=\"960\" height=\"540\" src=\"http:\/\/michaelzine.com\/Wordpress\/wp-content\/uploads\/2020\/04\/michael_jackson_too_bad_awards_2020.jpg\" alt=\"\" data-id=\"847\" data-full-url=\"http:\/\/michaelzine.com\/Wordpress\/wp-content\/uploads\/2020\/04\/michael_jackson_too_bad_awards_2020.jpg\" data-link=\"http:\/\/michaelzine.com\/Wordpress\/?attachment_id=847\" class=\"wp-image-847\" srcset=\"https:\/\/michaelzine.com\/Wordpress\/wp-content\/uploads\/2020\/04\/michael_jackson_too_bad_awards_2020.jpg 960w, https:\/\/michaelzine.com\/Wordpress\/wp-content\/uploads\/2020\/04\/michael_jackson_too_bad_awards_2020-300x169.jpg 300w, https:\/\/michaelzine.com\/Wordpress\/wp-content\/uploads\/2020\/04\/michael_jackson_too_bad_awards_2020-768x432.jpg 768w, https:\/\/michaelzine.com\/Wordpress\/wp-content\/uploads\/2020\/04\/michael_jackson_too_bad_awards_2020-740x416.jpg 740w, https:\/\/michaelzine.com\/Wordpress\/wp-content\/uploads\/2020\/04\/michael_jackson_too_bad_awards_2020-480x270.jpg 480w\" sizes=\"(max-width: 960px) 100vw, 960px\" \/><\/figure><\/li><\/ul><\/figure>\n\n\n\n<p>Nous avons avanc\u00e9 sur de nombreux aspects. Mais soucieux d&#8217;avoir une vid\u00e9o qui respecte des copyrights, nous prenons parfois un chemin un peu long pour la fignoler. Elle est tr\u00e8s avanc\u00e9e dans sa r\u00e9alisation. <\/p>\n\n\n\n<div style=\"height:100px\" aria-hidden=\"true\" class=\"wp-block-spacer\"><\/div>\n\n\n\n<p class=\"has-text-color has-vivid-red-color\"><strong>Autre projet<\/strong> : <\/p>\n\n\n\n<p>Nous avons aussi d\u00e9cid\u00e9 de vous proposer quelque chose d&#8217;original, avec une chanson compos\u00e9e par SEB KA et SPLEEN. MJ est un peu \u00e9voqu\u00e9 , mais il ne s&#8217;agit pas d&#8217;une chanson sur MJ. <\/p>\n\n\n\n<p class=\"has-text-color has-vivid-red-color\"><strong>La chanson \u00e9voque  la situation que nous vivons tous actuellement. <\/strong><\/p>\n\n\n\n<p>Nous avons eu la chance qu&#8217;un Pro de talent accepte d&#8217;interpr\u00e9ter notre compo et nous voulons partager cela avec vous en ces temps de confinement.  La mise en ligne est pour bient\u00f4t. <\/p>\n\n\n\n<figure class=\"wp-block-gallery columns-1 is-cropped wp-block-gallery-7 is-layout-flex wp-block-gallery-is-layout-flex\"><ul class=\"blocks-gallery-grid\"><li class=\"blocks-gallery-item\"><figure><img loading=\"lazy\" decoding=\"async\" width=\"960\" height=\"540\" src=\"http:\/\/michaelzine.com\/Wordpress\/wp-content\/uploads\/2020\/04\/Mzine_Music_Projet_avril_2020.jpg\" alt=\"\" data-id=\"848\" data-full-url=\"http:\/\/michaelzine.com\/Wordpress\/wp-content\/uploads\/2020\/04\/Mzine_Music_Projet_avril_2020.jpg\" data-link=\"http:\/\/michaelzine.com\/Wordpress\/?attachment_id=848\" class=\"wp-image-848\" srcset=\"https:\/\/michaelzine.com\/Wordpress\/wp-content\/uploads\/2020\/04\/Mzine_Music_Projet_avril_2020.jpg 960w, https:\/\/michaelzine.com\/Wordpress\/wp-content\/uploads\/2020\/04\/Mzine_Music_Projet_avril_2020-300x169.jpg 300w, https:\/\/michaelzine.com\/Wordpress\/wp-content\/uploads\/2020\/04\/Mzine_Music_Projet_avril_2020-768x432.jpg 768w, https:\/\/michaelzine.com\/Wordpress\/wp-content\/uploads\/2020\/04\/Mzine_Music_Projet_avril_2020-740x416.jpg 740w, https:\/\/michaelzine.com\/Wordpress\/wp-content\/uploads\/2020\/04\/Mzine_Music_Projet_avril_2020-480x270.jpg 480w\" sizes=\"(max-width: 960px) 100vw, 960px\" \/><\/figure><\/li><\/ul><\/figure>\n\n\n\n<p>Et pour conclure, nous aurions envie de dire que cette chanson montrera que l&#8217;on peut \u00eatre fan de MJ, avoir sa propre personnalit\u00e9 mais aussi \u00eatre conscient de ce qui se passe autour de nous. C&#8217;est un cadeau que nous souhaitons vous faire. <\/p>\n","protected":false},"excerpt":{"rendered":"<p>Les \u00e9v\u00e9nements dramatiques qui touchent en ce moment nos soci\u00e9t\u00e9s, de l\u2019\u00e9pid\u00e9mie de Covid-19 \u00e0<\/p>\n","protected":false},"author":1,"featured_media":813,"comment_status":"open","ping_status":"open","sticky":false,"template":"","format":"standard","meta":{"footnotes":""},"categories":[23],"tags":[],"class_list":["post-812","post","type-post","status-publish","format-standard","has-post-thumbnail","hentry","category-chronique"],"_links":{"self":[{"href":"https:\/\/michaelzine.com\/Wordpress\/index.php?rest_route=\/wp\/v2\/posts\/812"}],"collection":[{"href":"https:\/\/michaelzine.com\/Wordpress\/index.php?rest_route=\/wp\/v2\/posts"}],"about":[{"href":"https:\/\/michaelzine.com\/Wordpress\/index.php?rest_route=\/wp\/v2\/types\/post"}],"author":[{"embeddable":true,"href":"https:\/\/michaelzine.com\/Wordpress\/index.php?rest_route=\/wp\/v2\/users\/1"}],"replies":[{"embeddable":true,"href":"https:\/\/michaelzine.com\/Wordpress\/index.php?rest_route=%2Fwp%2Fv2%2Fcomments&post=812"}],"version-history":[{"count":59,"href":"https:\/\/michaelzine.com\/Wordpress\/index.php?rest_route=\/wp\/v2\/posts\/812\/revisions"}],"predecessor-version":[{"id":1045,"href":"https:\/\/michaelzine.com\/Wordpress\/index.php?rest_route=\/wp\/v2\/posts\/812\/revisions\/1045"}],"wp:featuredmedia":[{"embeddable":true,"href":"https:\/\/michaelzine.com\/Wordpress\/index.php?rest_route=\/wp\/v2\/media\/813"}],"wp:attachment":[{"href":"https:\/\/michaelzine.com\/Wordpress\/index.php?rest_route=%2Fwp%2Fv2%2Fmedia&parent=812"}],"wp:term":[{"taxonomy":"category","embeddable":true,"href":"https:\/\/michaelzine.com\/Wordpress\/index.php?rest_route=%2Fwp%2Fv2%2Fcategories&post=812"},{"taxonomy":"post_tag","embeddable":true,"href":"https:\/\/michaelzine.com\/Wordpress\/index.php?rest_route=%2Fwp%2Fv2%2Ftags&post=812"}],"curies":[{"name":"wp","href":"https:\/\/api.w.org\/{rel}","templated":true}]}}