{"id":7757,"date":"2005-12-12T16:23:00","date_gmt":"2005-12-12T16:23:00","guid":{"rendered":"https:\/\/michaelzine.com\/Wordpress\/?p=7757"},"modified":"2023-05-03T16:30:31","modified_gmt":"2023-05-03T16:30:31","slug":"un-projet-de-marlon-brando","status":"publish","type":"post","link":"https:\/\/michaelzine.com\/Wordpress\/?p=7757","title":{"rendered":"Un projet de Marlon Brando ?"},"content":{"rendered":"\n<p>Un article du&nbsp;New-York Post&nbsp;, paru hier, \u00e9voque un projet t\u00e9l\u00e9vis\u00e9 souhait\u00e9 par Michael Jackson et Marlon Brando.<\/p>\n\n\n\n<p>Il y a quelques ann\u00e9es, ce projet avait \u00e9t\u00e9 \u00e9voqu\u00e9 quand Brando s\u2019\u00e9tait rendu dans un festival de films . Il s\u2019agissait d\u2019un reportage en 2 parties: 2 stars se filmaient et s\u2019interviewaient l\u2019une et l\u2019autre sur leurs carri\u00e8res .<\/p>\n\n\n\n<p>Quand un projet de ce type \u00e9tait associ\u00e9 \u00e0 Brando , il y a quelques temps, il \u00e9tait question que ce dernier filme et interviewe ses amis stars , de mani\u00e8re tr\u00e8s personnelle, en \u00e9voquant leurs carri\u00e8res.<\/p>\n\n\n\n<p>Selon le journaliste , David K. Li ,ce reportage devait \u00eatre en deux parties: la 1ere partie devait montrer une entrevue avec Jackson film\u00e9e \u00e0 Neverland , la 2nde partie devait montrer Brando film\u00e9 et interview\u00e9 dans son \u00eele priv\u00e9e en Polyn\u00e9sie , par Michael.<br>C\u2019\u00e9tait donc un programme avec en quelque sorte pour th\u00e8me les destins de stars.<\/p>\n\n\n\n<p>On le sait Jackson d\u00e9bordait d\u2019admiration pour Brando, qui lui avait donn\u00e9 des cours particuliers de com\u00e9die et qu\u2019il consid\u00e9rait comme un deuxi\u00e8me p\u00e8re; d\u2019ailleurs les derniers \u00e9v\u00e9nements li\u00e9s \u00e0 l\u2019affaire Schaffel l\u2019avaient une fois de plus mis en lumi\u00e8re, puisque dans les messages vocaux des r\u00e9pondeurs de Schaffel diffus\u00e9s dans les m\u00e9dias, Michael parle en termes \u00e9logieux de Brando (en juillet 2001) : il le qualifiait de \u00abmerveilleux\u00bb et de \u00ab monstre sacr\u00e9 \u00bb.<\/p>\n\n\n\n<div style=\"height:32px\" aria-hidden=\"true\" class=\"wp-block-spacer\"><\/div>\n\n\n\n<p><strong>Sources : New-York Post\/ MJLegend<\/strong><\/p>\n\n\n\n<p><em>12 Dec 2005 by BIGBROTHER<\/em><\/p>\n","protected":false},"excerpt":{"rendered":"<p>Un article du&nbsp;New-York Post&nbsp;, paru hier, \u00e9voque un projet t\u00e9l\u00e9vis\u00e9 souhait\u00e9 par Michael Jackson et<\/p>\n","protected":false},"author":1,"featured_media":7758,"comment_status":"open","ping_status":"open","sticky":false,"template":"","format":"standard","meta":{"footnotes":""},"categories":[26],"tags":[],"class_list":["post-7757","post","type-post","status-publish","format-standard","has-post-thumbnail","hentry","category-news"],"_links":{"self":[{"href":"https:\/\/michaelzine.com\/Wordpress\/index.php?rest_route=\/wp\/v2\/posts\/7757"}],"collection":[{"href":"https:\/\/michaelzine.com\/Wordpress\/index.php?rest_route=\/wp\/v2\/posts"}],"about":[{"href":"https:\/\/michaelzine.com\/Wordpress\/index.php?rest_route=\/wp\/v2\/types\/post"}],"author":[{"embeddable":true,"href":"https:\/\/michaelzine.com\/Wordpress\/index.php?rest_route=\/wp\/v2\/users\/1"}],"replies":[{"embeddable":true,"href":"https:\/\/michaelzine.com\/Wordpress\/index.php?rest_route=%2Fwp%2Fv2%2Fcomments&post=7757"}],"version-history":[{"count":1,"href":"https:\/\/michaelzine.com\/Wordpress\/index.php?rest_route=\/wp\/v2\/posts\/7757\/revisions"}],"predecessor-version":[{"id":7759,"href":"https:\/\/michaelzine.com\/Wordpress\/index.php?rest_route=\/wp\/v2\/posts\/7757\/revisions\/7759"}],"wp:featuredmedia":[{"embeddable":true,"href":"https:\/\/michaelzine.com\/Wordpress\/index.php?rest_route=\/wp\/v2\/media\/7758"}],"wp:attachment":[{"href":"https:\/\/michaelzine.com\/Wordpress\/index.php?rest_route=%2Fwp%2Fv2%2Fmedia&parent=7757"}],"wp:term":[{"taxonomy":"category","embeddable":true,"href":"https:\/\/michaelzine.com\/Wordpress\/index.php?rest_route=%2Fwp%2Fv2%2Fcategories&post=7757"},{"taxonomy":"post_tag","embeddable":true,"href":"https:\/\/michaelzine.com\/Wordpress\/index.php?rest_route=%2Fwp%2Fv2%2Ftags&post=7757"}],"curies":[{"name":"wp","href":"https:\/\/api.w.org\/{rel}","templated":true}]}}