{"id":7433,"date":"2009-08-22T06:16:00","date_gmt":"2009-08-22T06:16:00","guid":{"rendered":"https:\/\/michaelzine.com\/Wordpress\/?p=7433"},"modified":"2023-04-24T06:33:05","modified_gmt":"2023-04-24T06:33:05","slug":"exposition-sur-mj-2","status":"publish","type":"post","link":"https:\/\/michaelzine.com\/Wordpress\/?p=7433","title":{"rendered":"EXPOSITION SUR MJ"},"content":{"rendered":"\n<p>La Cour sup\u00e9rieure de Los Angeles a donn\u00e9 son feu vert, vendredi, \u00e0 une exposition itin\u00e9rante d\u2019objets ayant appartenu \u00e0 Michael Jackson, contre l\u2019avis de Katherine Jackson, la m\u00e8re du chanteur.<\/p>\n\n\n\n<p>\u201c<em>Il ne fait aucun doute, pour moi, que c\u2019est dans l\u2019int\u00e9r\u00eat des h\u00e9ritiers<\/em>\u201c, a d\u00e9clar\u00e9 le juge Mitchell Beckloff pour justifier sa d\u00e9cision.<\/p>\n\n\n\n<p>Lundi, Beckloff avait estim\u00e9 ne pas avoir assez d\u2019\u00e9l\u00e9ments pour d\u00e9cider du bien-fond\u00e9 de l\u2019exposition et avait demand\u00e9 aux administrateurs des biens du chanteur \u2014 l\u2019avocat John Branca et le producteur John McClain \u2014 et aux avocats de Katherine Jackson d\u2019aff\u00fbter leurs arguments pour vendredi.<\/p>\n\n\n\n<p>Cette exposition devrait peut-\u00eatre se tenir au m\u00eame moment que la sortie du film des r\u00e9p\u00e9titions des concerts et \u00eatre pr\u00e9sent\u00e9e dans 3 villes. Elle pourrait rapporter jusqu\u2019\u00e0 6 millions de $ au h\u00e9ritiers Jackson.<\/p>\n\n\n\n<p>Les avocats de Katherine Jackson ont essay\u00e9 de bloquer l\u2019op\u00e9ration : Katherine reprochait notamment que l\u2019exposition ne prenait pas suffisamment en compte l\u2019h\u00e9ritage spirituel de la pop-star.<br>Elle aurait \u00e9galement souhait\u00e9 que le droit de faire cette exposition soit vendu au plus offrant au lieu d\u2019\u00eatre attribu\u00e9 \u00e0 la soci\u00e9t\u00e9 AEG et que les h\u00e9ritiers obtiennent plus de 50 % des b\u00e9n\u00e9fices.<\/p>\n\n\n\n<div style=\"height:30px\" aria-hidden=\"true\" class=\"wp-block-spacer\"><\/div>\n\n\n\n<p><strong>Sources: Le Monde \/ MJLegend<\/strong><\/p>\n\n\n\n<p><em>22 Aug 2009 by BIGBROTHER<\/em><\/p>\n","protected":false},"excerpt":{"rendered":"<p>La Cour sup\u00e9rieure de Los Angeles a donn\u00e9 son feu vert, vendredi, \u00e0 une exposition<\/p>\n","protected":false},"author":1,"featured_media":7434,"comment_status":"open","ping_status":"open","sticky":false,"template":"","format":"standard","meta":{"footnotes":""},"categories":[26],"tags":[],"class_list":["post-7433","post","type-post","status-publish","format-standard","has-post-thumbnail","hentry","category-news"],"_links":{"self":[{"href":"https:\/\/michaelzine.com\/Wordpress\/index.php?rest_route=\/wp\/v2\/posts\/7433"}],"collection":[{"href":"https:\/\/michaelzine.com\/Wordpress\/index.php?rest_route=\/wp\/v2\/posts"}],"about":[{"href":"https:\/\/michaelzine.com\/Wordpress\/index.php?rest_route=\/wp\/v2\/types\/post"}],"author":[{"embeddable":true,"href":"https:\/\/michaelzine.com\/Wordpress\/index.php?rest_route=\/wp\/v2\/users\/1"}],"replies":[{"embeddable":true,"href":"https:\/\/michaelzine.com\/Wordpress\/index.php?rest_route=%2Fwp%2Fv2%2Fcomments&post=7433"}],"version-history":[{"count":1,"href":"https:\/\/michaelzine.com\/Wordpress\/index.php?rest_route=\/wp\/v2\/posts\/7433\/revisions"}],"predecessor-version":[{"id":7435,"href":"https:\/\/michaelzine.com\/Wordpress\/index.php?rest_route=\/wp\/v2\/posts\/7433\/revisions\/7435"}],"wp:featuredmedia":[{"embeddable":true,"href":"https:\/\/michaelzine.com\/Wordpress\/index.php?rest_route=\/wp\/v2\/media\/7434"}],"wp:attachment":[{"href":"https:\/\/michaelzine.com\/Wordpress\/index.php?rest_route=%2Fwp%2Fv2%2Fmedia&parent=7433"}],"wp:term":[{"taxonomy":"category","embeddable":true,"href":"https:\/\/michaelzine.com\/Wordpress\/index.php?rest_route=%2Fwp%2Fv2%2Fcategories&post=7433"},{"taxonomy":"post_tag","embeddable":true,"href":"https:\/\/michaelzine.com\/Wordpress\/index.php?rest_route=%2Fwp%2Fv2%2Ftags&post=7433"}],"curies":[{"name":"wp","href":"https:\/\/api.w.org\/{rel}","templated":true}]}}