{"id":7108,"date":"2022-07-04T11:50:10","date_gmt":"2022-07-04T11:50:10","guid":{"rendered":"https:\/\/michaelzine.com\/Wordpress\/?p=7108"},"modified":"2022-07-08T06:50:24","modified_gmt":"2022-07-08T06:50:24","slug":"je-de-role","status":"publish","type":"post","link":"https:\/\/michaelzine.com\/Wordpress\/?p=7108","title":{"rendered":"&#8220;Je&#8221; de r\u00f4le"},"content":{"rendered":"\n<p>A l&#8217;occasion du 25\u00e8me anniversaire de la sortie du premier volet de la trilogie &#8220;Men in Black&#8221; (1997) au cin\u00e9ma, son r\u00e9alisateur a accord\u00e9 une interview au site <em>insider.com<\/em>.<\/p>\n\n\n\n<p>Pour rappel, Michael Jackson fait une apparition dans &#8220;Men in Black 2&#8221;  (cf. News du 29\/11\/2002). <\/p>\n\n\n\n<figure class=\"wp-block-embed is-type-wp-embed is-provider-michaelzine wp-block-embed-michaelzine\"><div class=\"wp-block-embed__wrapper\">\n<blockquote class=\"wp-embedded-content\" data-secret=\"ZL7TOk68Zs\"><a href=\"https:\/\/michaelzine.com\/Wordpress\/?p=5511\">Men in Black 2 en DVD<\/a><\/blockquote><iframe loading=\"lazy\" class=\"wp-embedded-content\" sandbox=\"allow-scripts\" security=\"restricted\" style=\"position: absolute; clip: rect(1px, 1px, 1px, 1px);\" title=\"\u00ab\u00a0Men in Black 2 en DVD\u00a0\u00bb &#8212; MICHAELzine\" src=\"https:\/\/michaelzine.com\/Wordpress\/?p=5511&#038;embed=true#?secret=Q9781ujxcv#?secret=ZL7TOk68Zs\" data-secret=\"ZL7TOk68Zs\" width=\"600\" height=\"338\" frameborder=\"0\" marginwidth=\"0\" marginheight=\"0\" scrolling=\"no\"><\/iframe>\n<\/div><\/figure>\n\n\n\n<div style=\"height:20px\" aria-hidden=\"true\" class=\"wp-block-spacer\"><\/div>\n\n\n\n<p>Au d\u00e9tour d&#8217;une question, <strong>Barry Sonnenfeld<\/strong> a bri\u00e8vement \u00e9voqu\u00e9 la participation de MJ.<\/p>\n\n\n<div class=\"wp-block-image\">\n<figure class=\"aligncenter size-full\"><a href=\"https:\/\/michaelzine.com\/Wordpress\/wp-content\/uploads\/2022\/07\/Michael_Jackson_and_Barry_Sonnenfeld_Men_in_Black.jpg\"><img loading=\"lazy\" decoding=\"async\" width=\"400\" height=\"400\" src=\"https:\/\/michaelzine.com\/Wordpress\/wp-content\/uploads\/2022\/07\/Michael_Jackson_and_Barry_Sonnenfeld_Men_in_Black.jpg\" alt=\"\" class=\"wp-image-7112\" srcset=\"https:\/\/michaelzine.com\/Wordpress\/wp-content\/uploads\/2022\/07\/Michael_Jackson_and_Barry_Sonnenfeld_Men_in_Black.jpg 400w, https:\/\/michaelzine.com\/Wordpress\/wp-content\/uploads\/2022\/07\/Michael_Jackson_and_Barry_Sonnenfeld_Men_in_Black-300x300.jpg 300w, https:\/\/michaelzine.com\/Wordpress\/wp-content\/uploads\/2022\/07\/Michael_Jackson_and_Barry_Sonnenfeld_Men_in_Black-150x150.jpg 150w\" sizes=\"(max-width: 400px) 100vw, 400px\" \/><\/a><\/figure><\/div>\n\n\n<p>Extrait : <\/p>\n\n\n\n<p><strong>Dans &#8220;Men in Black II&#8221; (&#8230;)  c&#8217;est l\u00e0 que vous avez l&#8217;apparition de Michael Jackson. Comment \u00eates-vous parvenus \u00e0 cela ? <\/strong><\/p>\n\n\n\n<p>&#8220;<em>C&#8217;est lui qui nous a approch\u00e9.<\/em>&#8221; <\/p>\n\n\n\n<p><strong>Ah bon? Voulait-il juste \u00eatre dans le film ?<\/strong><\/p>\n\n\n\n<p>&#8220;<em>Eh bien, j&#8217;allais faire de lui un extraterrestre et il a dit: &#8220;Non, je veux porter le costume &#8216;Men in Black&#8217;.&#8221; Nous avons donc compris comment faire cela et cela a fonctionn\u00e9. Il \u00e9tait adorable.<\/em>&#8220;<\/p>\n\n\n\n<div style=\"height:29px\" aria-hidden=\"true\" class=\"wp-block-spacer\"><\/div>\n\n\n\n<p><strong><mark style=\"background-color:#fcb900\" class=\"has-inline-color\">L&#8217;\u0153il de MICHAELzine<\/mark> <\/strong>: Le r\u00f4le de MJ dans &#8220;MIB 2&#8221; a parfois d\u00e9\u00e7u des fans par son manque d&#8217;ambition (au regard de l&#8217;immense star qu&#8217;\u00e9tait Michael), voire aussi parfois le look choisi (cheveux liss\u00e9s, mise en \u00e9vidence de la blancheur de sa peau, costume strict). <\/p>\n\n\n\n<p>Force est de constater d\u00e9sormais que c&#8217;est Michael Jackson lui-m\u00eame qui a choisi s\u0332o\u0332n\u0332 r\u00f4le. Peut \u00eatre en effet qu&#8217;un MJ en alien aurait \u00e9t\u00e9 plus m\u00e9morable. <\/p>\n\n\n\n<div style=\"height:19px\" aria-hidden=\"true\" class=\"wp-block-spacer\"><\/div>\n\n\n\n<p><strong>Sources : insider.com \/ The Invincible Legend  \/ MICHAELzine<\/strong><\/p>\n","protected":false},"excerpt":{"rendered":"<p>A l&#8217;occasion du 25\u00e8me anniversaire de la sortie du premier volet de la trilogie &#8220;Men<\/p>\n","protected":false},"author":1,"featured_media":7113,"comment_status":"open","ping_status":"open","sticky":false,"template":"","format":"standard","meta":{"footnotes":""},"categories":[26],"tags":[],"class_list":["post-7108","post","type-post","status-publish","format-standard","has-post-thumbnail","hentry","category-news"],"_links":{"self":[{"href":"https:\/\/michaelzine.com\/Wordpress\/index.php?rest_route=\/wp\/v2\/posts\/7108"}],"collection":[{"href":"https:\/\/michaelzine.com\/Wordpress\/index.php?rest_route=\/wp\/v2\/posts"}],"about":[{"href":"https:\/\/michaelzine.com\/Wordpress\/index.php?rest_route=\/wp\/v2\/types\/post"}],"author":[{"embeddable":true,"href":"https:\/\/michaelzine.com\/Wordpress\/index.php?rest_route=\/wp\/v2\/users\/1"}],"replies":[{"embeddable":true,"href":"https:\/\/michaelzine.com\/Wordpress\/index.php?rest_route=%2Fwp%2Fv2%2Fcomments&post=7108"}],"version-history":[{"count":8,"href":"https:\/\/michaelzine.com\/Wordpress\/index.php?rest_route=\/wp\/v2\/posts\/7108\/revisions"}],"predecessor-version":[{"id":7140,"href":"https:\/\/michaelzine.com\/Wordpress\/index.php?rest_route=\/wp\/v2\/posts\/7108\/revisions\/7140"}],"wp:featuredmedia":[{"embeddable":true,"href":"https:\/\/michaelzine.com\/Wordpress\/index.php?rest_route=\/wp\/v2\/media\/7113"}],"wp:attachment":[{"href":"https:\/\/michaelzine.com\/Wordpress\/index.php?rest_route=%2Fwp%2Fv2%2Fmedia&parent=7108"}],"wp:term":[{"taxonomy":"category","embeddable":true,"href":"https:\/\/michaelzine.com\/Wordpress\/index.php?rest_route=%2Fwp%2Fv2%2Fcategories&post=7108"},{"taxonomy":"post_tag","embeddable":true,"href":"https:\/\/michaelzine.com\/Wordpress\/index.php?rest_route=%2Fwp%2Fv2%2Ftags&post=7108"}],"curies":[{"name":"wp","href":"https:\/\/api.w.org\/{rel}","templated":true}]}}