{"id":3061,"date":"2020-08-13T23:04:55","date_gmt":"2020-08-13T23:04:55","guid":{"rendered":"http:\/\/michaelzine.com\/Wordpress\/?p=3061"},"modified":"2020-08-13T23:04:57","modified_gmt":"2020-08-13T23:04:57","slug":"nouveau-collaborateur-pour-mj-the-musical","status":"publish","type":"post","link":"https:\/\/michaelzine.com\/Wordpress\/?p=3061","title":{"rendered":"Nouveau collaborateur pour &#8220;MJ: The Musical&#8221;"},"content":{"rendered":"\n<p><strong>Travis LeMont Ballenger<\/strong>, ancien directeur artistique associ\u00e9 au Globe Theatre de San Diego, a rejoint Lia Vollack Productions en tant que producteur. Il <strong>supervisera la production des com\u00e9dies musicales \u00e0 venir de Broadway, dont &#8220;MJ : The Musical&#8221;<\/strong>, ainsi que le d\u00e9veloppement du portefeuille de futurs spectacles de la soci\u00e9t\u00e9.<\/p>\n\n\n\n<div class=\"wp-block-image\"><figure class=\"alignleft size-large is-resized\"><img loading=\"lazy\" decoding=\"async\" src=\"http:\/\/michaelzine.com\/Wordpress\/wp-content\/uploads\/2020\/08\/Travis_LeMont_Bellanger_MJ_The_Musical.jpg\" alt=\"\" class=\"wp-image-3062\" width=\"165\" height=\"247\" srcset=\"https:\/\/michaelzine.com\/Wordpress\/wp-content\/uploads\/2020\/08\/Travis_LeMont_Bellanger_MJ_The_Musical.jpg 620w, https:\/\/michaelzine.com\/Wordpress\/wp-content\/uploads\/2020\/08\/Travis_LeMont_Bellanger_MJ_The_Musical-200x300.jpg 200w\" sizes=\"(max-width: 165px) 100vw, 165px\" \/><\/figure><\/div>\n\n\n\n<p>&#8220;Tout au long de sa carri\u00e8re&#8221;, a d\u00e9clar\u00e9 Lia Vollack dans un communiqu\u00e9, &#8220;Travis s&#8217;est d\u00e9j\u00e0 distingu\u00e9 comme une v\u00e9ritable force cr\u00e9atrice. C&#8217;est un cr\u00e9ateur de th\u00e9\u00e2tre passionn\u00e9 et un d\u00e9fenseur franc des artistes. Je suis ravie que Travis se joigne \u00e0 moi et je sais que ma compagnie, nos spectacles et Broadway seront tellement plus riches d&#8217;avoir sa voix dans la salle. &#8220;<br><br>Dans une autre d\u00e9claration, M. Ballenger a d\u00e9clar\u00e9: &#8220;Comme vous pouvez l&#8217;imaginer, accepter ce poste n&#8217;a pas \u00e9t\u00e9 une d\u00e9cision difficile. Lia est un \u00eatre humain avant-gardiste, profond\u00e9ment d\u00e9cent, avec une vision claire de ce que peut \u00eatre le th\u00e9\u00e2tre. Sa passion est d&#8217;apporter de nouveaux publics et artistes \u00e0 Broadway et au-del\u00e0. Par cons\u00e9quent, elle a la main sur certains des mat\u00e9riaux les plus excitants qui soient. Je suis ravi et honor\u00e9 de travailler avec elle! &#8220;<br><br>&#8220;MJ : The Musical&#8221;, la nouvelle com\u00e9die musicale de Broadway inspir\u00e9e de la vie du chanteur Michael Jackson, a d\u00e9cal\u00e9 les dates de sa premi\u00e8re mondiale. La com\u00e9die musicale devait ouvrir cet \u00e9t\u00e9 au Neil Simon Theatre; il est maintenant pr\u00e9vu de commencer les avant-premi\u00e8res l\u00e0-bas <strong>le 8 mars 2021<\/strong>, <strong>la soir\u00e9e d&#8217;ouverture \u00e9tant fix\u00e9e au jeudi 15 avril 2021.<\/strong><br><br>Ephraim Sykes devrait jouer le r\u00f4le de Michael Jackson dans le spectacle, dont la production a \u00e9t\u00e9 confi\u00e9e \u00e0 Lynn Nottage, double laur\u00e9ate du prix Pulitzer, et \u00e0  Christopher Wheeldon (pour la mise en sc\u00e8ne et la chor\u00e9graphie) . <br>Le spectacle piochera dans le vaste catalogue de chansons du Roi de la Pop.  Jason Michael Webb occupera le poste de directeur musical, sous la direction musicale de David Holcenberg et des orchestrations par Holcenberg et Webb.<\/p>\n\n\n\n<p>Comme les employ\u00e9s  d&#8217;autres secteurs, les artistes du monde du spectacle ont \u00e9t\u00e9 particuli\u00e8rement mis en difficult\u00e9 par la crise du COVID-19 avec l&#8217;annulation de la plupart des repr\u00e9sentations \u00e0 partir de mars et pendant plusieurs mois. Mais &#8220;MJ : The Musical&#8221; reste un projet en cours de production. <\/p>\n\n\n\n<p>D\u00e9sormais programm\u00e9 pour 2021. <\/p>\n\n\n\n<p><strong>Sources : broadwaynews.com<\/strong> \/ <strong>MICHAELzine<\/strong><\/p>\n\n\n\n<p><\/p>\n","protected":false},"excerpt":{"rendered":"<p>Travis LeMont Ballenger, ancien directeur artistique associ\u00e9 au Globe Theatre de San Diego, a rejoint<\/p>\n","protected":false},"author":1,"featured_media":3071,"comment_status":"open","ping_status":"open","sticky":false,"template":"","format":"standard","meta":{"footnotes":""},"categories":[26],"tags":[],"class_list":["post-3061","post","type-post","status-publish","format-standard","has-post-thumbnail","hentry","category-news"],"_links":{"self":[{"href":"https:\/\/michaelzine.com\/Wordpress\/index.php?rest_route=\/wp\/v2\/posts\/3061"}],"collection":[{"href":"https:\/\/michaelzine.com\/Wordpress\/index.php?rest_route=\/wp\/v2\/posts"}],"about":[{"href":"https:\/\/michaelzine.com\/Wordpress\/index.php?rest_route=\/wp\/v2\/types\/post"}],"author":[{"embeddable":true,"href":"https:\/\/michaelzine.com\/Wordpress\/index.php?rest_route=\/wp\/v2\/users\/1"}],"replies":[{"embeddable":true,"href":"https:\/\/michaelzine.com\/Wordpress\/index.php?rest_route=%2Fwp%2Fv2%2Fcomments&post=3061"}],"version-history":[{"count":9,"href":"https:\/\/michaelzine.com\/Wordpress\/index.php?rest_route=\/wp\/v2\/posts\/3061\/revisions"}],"predecessor-version":[{"id":3072,"href":"https:\/\/michaelzine.com\/Wordpress\/index.php?rest_route=\/wp\/v2\/posts\/3061\/revisions\/3072"}],"wp:featuredmedia":[{"embeddable":true,"href":"https:\/\/michaelzine.com\/Wordpress\/index.php?rest_route=\/wp\/v2\/media\/3071"}],"wp:attachment":[{"href":"https:\/\/michaelzine.com\/Wordpress\/index.php?rest_route=%2Fwp%2Fv2%2Fmedia&parent=3061"}],"wp:term":[{"taxonomy":"category","embeddable":true,"href":"https:\/\/michaelzine.com\/Wordpress\/index.php?rest_route=%2Fwp%2Fv2%2Fcategories&post=3061"},{"taxonomy":"post_tag","embeddable":true,"href":"https:\/\/michaelzine.com\/Wordpress\/index.php?rest_route=%2Fwp%2Fv2%2Ftags&post=3061"}],"curies":[{"name":"wp","href":"https:\/\/api.w.org\/{rel}","templated":true}]}}