{"id":2964,"date":"2020-08-06T12:30:33","date_gmt":"2020-08-06T12:30:33","guid":{"rendered":"http:\/\/michaelzine.com\/Wordpress\/?p=2964"},"modified":"2020-08-15T16:39:36","modified_gmt":"2020-08-15T16:39:36","slug":"taj-jackson-parle-de-ses-projets-et-de-mj","status":"publish","type":"post","link":"https:\/\/michaelzine.com\/Wordpress\/?p=2964","title":{"rendered":"TAJ Jackson parle de ses projets et de MJ"},"content":{"rendered":"\n<div class=\"wp-block-image\"><figure class=\"alignright size-large is-resized\"><img loading=\"lazy\" decoding=\"async\" src=\"http:\/\/michaelzine.com\/Wordpress\/wp-content\/uploads\/2020\/08\/taj-jackson-live-youtube-august2020-.jpg\" alt=\"\" class=\"wp-image-3000\" width=\"333\" height=\"203\" srcset=\"https:\/\/michaelzine.com\/Wordpress\/wp-content\/uploads\/2020\/08\/taj-jackson-live-youtube-august2020-.jpg 890w, https:\/\/michaelzine.com\/Wordpress\/wp-content\/uploads\/2020\/08\/taj-jackson-live-youtube-august2020--300x184.jpg 300w, https:\/\/michaelzine.com\/Wordpress\/wp-content\/uploads\/2020\/08\/taj-jackson-live-youtube-august2020--768x470.jpg 768w\" sizes=\"(max-width: 333px) 100vw, 333px\" \/><\/figure><\/div>\n\n\n\n<p>Taj Jackson, l&#8217;un des neveux de Michael Jackson a r\u00e9pondu aux questions des internautes lors d&#8217;un live sur Youtube le 1er ao\u00fbt. <\/p>\n\n\n\n<p>Il fut l&#8217;un des membres de la famille Jackson les plus actifs dans les m\u00e9dias en 2019 (avec la belle Brandi Jackson) au moment o\u00f9 il fallait monter en premi\u00e8re ligne pour lutter et affronter le feu nourri des m\u00e9dias qui encensaient &#8220;Leaving Neverland&#8221;.<\/p>\n\n\n\n<p>TAJ a notamment parl\u00e9 lors de son live de son projet pour r\u00e9habiliter la m\u00e9moire de son oncle.<\/p>\n\n\n\n<p>Dur \u00e0 r\u00e9aliser en ces temps de crise sanitaire li\u00e9e au COVID-19, comme vous pourrez le lire, mais toujours d&#8217;actualit\u00e9.  Le regard tourn\u00e9 vers le futur donc. <\/p>\n\n\n\n<p>Extraits : <\/p>\n\n\n\n<div style=\"height:20px\" aria-hidden=\"true\" class=\"wp-block-spacer\"><\/div>\n\n\n\n<p class=\"has-text-color has-medium-font-size has-vivid-red-color\"><strong>Le documentaire-r\u00e9ponse \u00e0 Leaving Neverland<\/strong><\/p>\n\n\n\n<p>L&#8217;objectif de ces sessions live sur Youtube permettent \u00e0 TAJ de faire r\u00e9guli\u00e8rement le point sur l&#8217;avanc\u00e9e de ce projet  qui, <strong>sous la forme d&#8217;une s\u00e9rie d&#8217;entretiens avec des personnes qui ont vraiment connu Michael Jackson<\/strong>, r\u00e9pondra notamment aux accusations faites contre la star, et notamment celles de &#8220;Leaving Neverland&#8221;, le docu-fiction de Dan Reed.<\/p>\n\n\n\n<div style=\"height:20px\" aria-hidden=\"true\" class=\"wp-block-spacer\"><\/div>\n\n\n\n<p class=\"has-text-color has-vivid-cyan-blue-color\"><strong>La forme des entretiens : <\/strong><\/p>\n\n\n\n<p><strong>TAJ <\/strong>a d&#8217;abord expliqu\u00e9 que d&#8217;apr\u00e8s les \u00e9changes qu&#8217;il a eus, il ressort que les internautes ne souhaitent <strong>pas un &#8220;documentaire ZOOM<\/strong>&#8220;, c&#8217;est-\u00e0-dire pas d&#8217;un documentaire r\u00e9alis\u00e9 \u00e0 distance avec des webcams. Cela tombe bien, ce n&#8217;est pas non plus le souhait de TAJ. Ce dernier souhaite adopter une approche qui a un plus grand impact, \u00e0 savoir <strong>interroger en face \u00e0 face les personnes qui participeront<\/strong>. Il a donc pr\u00e9vu de se d\u00e9placer aux USA mais aussi  en Irlande, Allemagne, Australie,&#8230;<\/p>\n\n\n\n<p>Mais la situation actuelle , et plus particuli\u00e8rement aux USA est marqu\u00e9e par la COVID-19 et cela limite pour l&#8217;instant la r\u00e9alisation de cette s\u00e9rie d&#8217;entretiens. <\/p>\n\n\n\n<div style=\"height:20px\" aria-hidden=\"true\" class=\"wp-block-spacer\"><\/div>\n\n\n\n<p><strong><span class=\"has-inline-color has-vivid-cyan-blue-color\">Le documentaire sera-t-il repouss\u00e9 en 2021 ?<\/span><\/strong> <\/p>\n\n\n\n<p>TAJ &#8220;<em>ne l&#8217;esp\u00e8re pas<\/em>&#8221; mais il est dans l&#8217;attente de voir comment \u00e9volue la pand\u00e9mie (qui rappelons-le touche de plein fouet les USA). <\/p>\n\n\n\n<p>Il lit les commentaires des haters, qui disent \u00ab&nbsp;<em>\u00e7a ne verra jamais le jour&nbsp;<\/em>\u00bb. Il demande de lui faire confiance et se montre d\u00e9termin\u00e9. <\/p>\n\n\n\n<div style=\"height:20px\" aria-hidden=\"true\" class=\"wp-block-spacer\"><\/div>\n\n\n\n<p><strong><span class=\"has-inline-color has-vivid-cyan-blue-color\">Quelle sera la teneur du documentaire sur MJ ? <\/span><\/strong><\/p>\n\n\n\n<p>Selon lui, pour le long terme, les gens ont besoin de voir et d&#8217;entendre \u00e0 propos de MJ &#8220;<em>qui il \u00e9tait en tant qu&#8217;humanitaire, en tant qu&#8217;oncle, fr\u00e8re, p\u00e8re et fils<\/em>&#8220;.  <\/p>\n\n\n\n<p>Cela ne veut pas dire que TAJ n&#8217;\u00e9voquera pas pr\u00e9cis\u00e9ment les accusations contre MJ afin de montrer qu&#8217;elles ne correspondent pas \u00e0 la r\u00e9alit\u00e9. Il estime que cela va ensemble : comprendre qui \u00e9tait r\u00e9ellement Michael Jackson, sa personnalit\u00e9, permet de mieux faire passer le message autour de sa d\u00e9fense. <\/p>\n\n\n\n<p>TAJ a rappel\u00e9 que MJ a cultiv\u00e9 ce c\u00f4t\u00e9 myst\u00e9rieux de son vivant et qu&#8217;\u00e0 l&#8217;\u00e9poque, cela donnait envie aux gens de s&#8217;int\u00e9resser \u00e0 lui. Mais il estime qu'&#8221;<em>aujourd&#8217;hui, nous vivons dans un monde o\u00f9 c&#8217;est tout le contraire. Tout le monde sait tout sur tout le monde<\/em>.&#8221; L&#8217;objectif de son projet est  donc de &#8220;<em>r\u00e9apprendre aux gens qui \u00e9tait Michael Jackson<\/em>&#8220;. <\/p>\n\n\n\n<p>Il ajoute &#8220;<em>connaitre Michael Jackson, permettra de voir \u00e0 travers les mensonges<\/em>&#8220;, (&#8230;) &#8220;<em>les mensonges de Wade [Robson] et James [Safechuck]<\/em>&#8221; et montrer que ce sont les &#8220;<em>opportunistes<\/em>&#8220;. <\/p>\n\n\n\n<p>TAJ veut interroger des personnes qui ont vraiment connu et c\u00f4toy\u00e9 MJ en priv\u00e9. <\/p>\n\n\n\n<p>Pour TAJ, il y a clairement d&#8217;un c\u00f4t\u00e9 les faits et d&#8217;un autre les prot\u00e9g\u00e9s des m\u00e9dias (W. Robson, J. Safechuck et il fait le parall\u00e8le avec Amber Heard) dont on ne fait entendre qu&#8217;une version r\u00e9\u00e9crite de la r\u00e9alit\u00e9.  <\/p>\n\n\n\n<p>TAJ va plus loin en estimant que Michael Jackson a \u00e9t\u00e9 &#8220;<em>ostracis\u00e9<\/em>&#8221; par &#8220;<em>une partie d&#8217;Hollywood<\/em>&#8221; qui a des pratiques &#8220;d\u00e9go\u00fbtantes&#8221; et qui a compris que MJ n&#8217;\u00e9tait pas comme eux : &#8220;<em>Une fois qu&#8217;ils ont r\u00e9alis\u00e9 que mon oncle n&#8217;\u00e9tait pas comme \u00e7a, je pense qu&#8217;ils l&#8217;ont ostracis\u00e9 et c&#8217;est pourquoi il n&#8217;a jamais pu faire de films, jouer un r\u00f4le dedans et diff\u00e9rentes choses comme \u00e7a.  Il ne faisait pas partie de leur club. (&#8230;)<\/em> <\/p>\n\n\n\n<p><em>\u00c7a  me d\u00e9range toujours quand les gens disent &#8220;Oh [Michael Jackson] \u00e9tait prot\u00e9g\u00e9.&#8221; <\/em><\/p>\n\n\n\n<p><em>Prot\u00e9g\u00e9 par qui ??? Il a toujours \u00e9t\u00e9 l&#8217;\u00e9cran de fum\u00e9e d&#8217;Hollywood. Comment peut-on dire qu&#8217;il \u00e9tait prot\u00e9g\u00e9 ? Il n&#8217;a jamais fait partie de leurs clubs. (&#8230;) De toute fa\u00e7on, je pense que les gens commencent maintenant \u00e0 voir ce que c&#8217;est d&#8217;\u00eatre vraiment prot\u00e9g\u00e9 \u00e0 Hollywood et dans l&#8217;industrie du divertissement.  Regardez l&#8217;affaire Epstein.<\/em>&#8220;<\/p>\n\n\n\n<p>C&#8217;est vrai que lorsque vous survolez les sites sur les potins de stars, ils consacrent plus d&#8217;articles \u00e0 Michael Jackson qu&#8217;aux crimes commis par  Harvey Weinstein et Jeffrey Epstein.  De quoi comprendre assez facilement que les tablo\u00efds, ou les sites qui les prennent pour sources fiables n&#8217;ont qu&#8217;une obsession, parler de Michael Jackson. Et quand ils affirment que MJ est un criminel (accusation que la justice am\u00e9ricaine n&#8217;a jamais valid\u00e9), ces m\u00eames auteurs ferment les yeux sur Weinstein, Epstein et de nombreux autres. <\/p>\n\n\n\n<div style=\"height:20px\" aria-hidden=\"true\" class=\"wp-block-spacer\"><\/div>\n\n\n\n<p><strong><span class=\"has-inline-color has-vivid-cyan-blue-color\">Qui interviewer ? <\/span><\/strong><\/p>\n\n\n\n<p>L&#8217;objectif est d&#8217;interviewer 40 personnes minimum.<\/p>\n\n\n\n<p>Parmi les noms soumis par les internautes, lors de ce live : <\/p>\n\n\n\n<p>Brett Barnes, Emmanuel Lewis (TAJ a tr\u00e8s envie mais n&#8217;a pas encore formul\u00e9  de demande officielle pour participer \u00e0 la s\u00e9rie-documentaire), Britney Spears (TAJ a envie de lui demander, les fans pointant du doigt qu&#8217;il serait int\u00e9ressant d&#8217;entendre celle qui fut pendant un temps la petite-amie de Wade Robson), Lisa-Marie Presley (TAJ avait pr\u00e9vu de lui demander \u00e0 elle et ses enfants mais aujourd&#8217;hui la situation est tr\u00e8s sensible et la possibilit\u00e9 de lui demander de participer est mise en attente (mais pas abandonn\u00e9e) car elle est en deuil suite \u00e0 la perte de son fils Benjamin), David Nordhal, Brad Buxer&#8230;<\/p>\n\n\n\n<p>Cela ne signifie pas que ces personnes seront dans le documentaire. Ce sont des noms \u00e9voqu\u00e9s lors d&#8217;un \u00e9change. Il faut bien \u00e9videmment obtenir leur accord et faire les choix les plus pertinents \u00e9galement. <\/p>\n\n\n\n<div style=\"height:20px\" aria-hidden=\"true\" class=\"wp-block-spacer\"><\/div>\n\n\n\n<p class=\"has-text-color has-vivid-cyan-blue-color\"><strong>Quel mode de diffusion ? <\/strong><\/p>\n\n\n\n<p>TAJ ne souhaite pas diffuser le documentaire pro-MJ sur une petite plateforme. Il aimerait que l&#8217;impact de diffusion soit au moins \u00e9quivalent voire plus large que l&#8217;audience dont a b\u00e9n\u00e9fici\u00e9 &#8220;Leaving Neverland&#8221;. <\/p>\n\n\n\n<p>Il faudra trouver le moyen d&#8217;atteindre le maximum de personnes. <\/p>\n\n\n\n<div style=\"height:20px\" aria-hidden=\"true\" class=\"wp-block-spacer\"><\/div>\n\n\n\n<p class=\"has-text-color has-vivid-cyan-blue-color\"><strong>Quel financement <\/strong> <strong>? <\/strong><\/p>\n\n\n\n<figure class=\"wp-block-image size-large\"><img loading=\"lazy\" decoding=\"async\" width=\"1024\" height=\"702\" src=\"http:\/\/michaelzine.com\/Wordpress\/wp-content\/uploads\/2020\/08\/TAJ-Jackson_documentary_series-1024x702.jpg\" alt=\"\" class=\"wp-image-2991\" srcset=\"https:\/\/michaelzine.com\/Wordpress\/wp-content\/uploads\/2020\/08\/TAJ-Jackson_documentary_series-1024x702.jpg 1024w, https:\/\/michaelzine.com\/Wordpress\/wp-content\/uploads\/2020\/08\/TAJ-Jackson_documentary_series-300x206.jpg 300w, https:\/\/michaelzine.com\/Wordpress\/wp-content\/uploads\/2020\/08\/TAJ-Jackson_documentary_series-768x527.jpg 768w, https:\/\/michaelzine.com\/Wordpress\/wp-content\/uploads\/2020\/08\/TAJ-Jackson_documentary_series.jpg 1187w\" sizes=\"(max-width: 1024px) 100vw, 1024px\" \/><\/figure>\n\n\n\n<p>Tout projet n\u00e9cessite un financement. Le projet de TAJ Jackson s&#8217;appuie sur un financement participatif via le site <em>GoFundMe.com<\/em>.<\/p>\n\n\n\n<p><a href=\"https:\/\/www.gofundme.com\/f\/thetruthrunsmarathons\">https:\/\/www.gofundme.com\/f\/thetruthrunsmarathons<\/a><\/p>\n\n\n\n<p>Mais bien s\u00fbr, il n&#8217;y a pas \u00e0 culpabiliser si vous ne pouvez pas donner. Soutenir une initiative ou un projet, c&#8217;est aussi faire sa pub et en parler autour de soi. Et m\u00eame tout simplement, d\u00e9fendre MJ, comme vous le faites depuis des ann\u00e9es en d\u00e9veloppant un argumentaire solide. Il y a diff\u00e9rentes mani\u00e8res de soutenir une personne. <\/p>\n\n\n\n<div style=\"height:100px\" aria-hidden=\"true\" class=\"wp-block-spacer\"><\/div>\n\n\n\n<p style=\"font-size:22px\" class=\"has-text-color has-vivid-red-color\"><strong>Le projet &#8220;Toutankhamon&#8221; : <\/strong><\/p>\n\n\n\n<div class=\"wp-block-image\"><figure class=\"aligncenter size-large is-resized\"><img loading=\"lazy\" decoding=\"async\" src=\"http:\/\/michaelzine.com\/Wordpress\/wp-content\/uploads\/2020\/08\/michael_jackson_remember_the_time-1024x1024.jpg\" alt=\"\" class=\"wp-image-2984\" width=\"580\" height=\"580\" srcset=\"https:\/\/michaelzine.com\/Wordpress\/wp-content\/uploads\/2020\/08\/michael_jackson_remember_the_time-1024x1024.jpg 1024w, https:\/\/michaelzine.com\/Wordpress\/wp-content\/uploads\/2020\/08\/michael_jackson_remember_the_time-300x300.jpg 300w, https:\/\/michaelzine.com\/Wordpress\/wp-content\/uploads\/2020\/08\/michael_jackson_remember_the_time-150x150.jpg 150w, https:\/\/michaelzine.com\/Wordpress\/wp-content\/uploads\/2020\/08\/michael_jackson_remember_the_time-768x768.jpg 768w, https:\/\/michaelzine.com\/Wordpress\/wp-content\/uploads\/2020\/08\/michael_jackson_remember_the_time.jpg 1080w\" sizes=\"(max-width: 580px) 100vw, 580px\" \/><\/figure><\/div>\n\n\n\n<p>R\u00e9pondant \u00e0 une question sur un projet qu&#8217;aurait eu MJ, TAJ a expliqu\u00e9 : &#8220;<em>il a travaill\u00e9 sur un film intitul\u00e9 &#8220;King Tut&#8221; <\/em>(en fran\u00e7ais &#8220;Toutankhamon, ndlr&#8221;)  <em>mais dans lequel il voulait jouer aussi. (&#8230;) J&#8217;ai vu tout ce qu&#8217;il avait planifi\u00e9. (&#8230;) Cela aurait \u00e9t\u00e9 quelque chose d&#8217;incroyable de le voir, \u00e9tant donn\u00e9  tout ce qu&#8217;il avait pr\u00e9vu pour \u00e7a<\/em>&#8220;. <\/p>\n\n\n\n<p>Il a pr\u00e9cis\u00e9 que MJ s&#8217;\u00e9tait document\u00e9 et qu&#8217;il connaissait tout sur le sujet. <\/p>\n\n\n\n<p> <\/p>\n\n\n\n<div style=\"height:46px\" aria-hidden=\"true\" class=\"wp-block-spacer\"><\/div>\n\n\n\n<p style=\"font-size:23px\" class=\"has-text-color has-vivid-red-color\"><strong>Les d\u00e9buts des 3T : <\/strong><\/p>\n\n\n\n<div class=\"wp-block-image\"><figure class=\"alignleft size-large is-resized\"><img loading=\"lazy\" decoding=\"async\" src=\"http:\/\/michaelzine.com\/Wordpress\/wp-content\/uploads\/2020\/08\/3T-Brotherhood-FT-MICHAEL-JACKSON.jpg\" alt=\"\" class=\"wp-image-2986\" width=\"205\" height=\"178\" srcset=\"https:\/\/michaelzine.com\/Wordpress\/wp-content\/uploads\/2020\/08\/3T-Brotherhood-FT-MICHAEL-JACKSON.jpg 400w, https:\/\/michaelzine.com\/Wordpress\/wp-content\/uploads\/2020\/08\/3T-Brotherhood-FT-MICHAEL-JACKSON-300x261.jpg 300w\" sizes=\"(max-width: 205px) 100vw, 205px\" \/><\/figure><\/div>\n\n\n\n<p>Taj a confi\u00e9 que sa chanson pr\u00e9f\u00e9r\u00e9e des 3T \u00e9tait &#8220;Anything&#8221; car ce fut le 1er titre commercialis\u00e9, mais aussi qu&#8217;il a \u00e9t\u00e9 compos\u00e9 par le groupe \u00e0 Hayvenhurst (au m\u00eame endroit que &#8220;Billie Jean&#8221;et qu&#8217;il y a donc un c\u00f4t\u00e9 &#8220;magique&#8221;) qui s&#8217;\u00e9tait r\u00e9fugi\u00e9 dans la demeure familiale apr\u00e8s le tremblement de terre qui a touch\u00e9 la Californie en 1994. De plus, il pr\u00e9cise que c&#8217;est son oncle Michael qui a cr\u00e9\u00e9 la majorit\u00e9 de la chor\u00e9graphie. <\/p>\n\n\n\n<p>Pour le lancement de leur album &#8220;Brotherhood&#8221; en 1995, \u00e0 l&#8217;origine le groupe souhaitait &#8220;Why&#8221;, son titre le plus fort,  en premier single tandis que le label voulait sortir &#8220;Tease me&#8221; et ne voulait pas, pour diff\u00e9rentes raisons, que le duo avec MJ, soit la premi\u00e8re fl\u00e8che d\u00e9coch\u00e9e. La situation \u00e9tait donc un peu dans une impasse. <\/p>\n\n\n\n<figure class=\"wp-block-embed-youtube wp-block-embed is-type-video is-provider-youtube wp-embed-aspect-16-9 wp-has-aspect-ratio\"><div class=\"wp-block-embed__wrapper\">\n<iframe loading=\"lazy\" title=\"3T - Why? (Official Video) ft. Michael Jackson\" width=\"640\" height=\"360\" src=\"https:\/\/www.youtube.com\/embed\/86Hyjx5U8Ns?feature=oembed\" frameborder=\"0\" allow=\"accelerometer; autoplay; clipboard-write; encrypted-media; gyroscope; picture-in-picture; web-share\" referrerpolicy=\"strict-origin-when-cross-origin\" allowfullscreen><\/iframe>\n<\/div><\/figure>\n\n\n\n<figure class=\"wp-block-embed-youtube wp-block-embed is-type-video is-provider-youtube wp-embed-aspect-4-3 wp-has-aspect-ratio\"><div class=\"wp-block-embed__wrapper\">\n<iframe loading=\"lazy\" title=\"3T - Tease Me\" width=\"640\" height=\"480\" src=\"https:\/\/www.youtube.com\/embed\/x_OCUERNKLw?feature=oembed\" frameborder=\"0\" allow=\"accelerometer; autoplay; clipboard-write; encrypted-media; gyroscope; picture-in-picture; web-share\" referrerpolicy=\"strict-origin-when-cross-origin\" allowfullscreen><\/iframe>\n<\/div><\/figure>\n\n\n\n<p>C&#8217;est \u00e0 ce moment que le titre &#8220;Anything&#8221; a \u00e9t\u00e9 compos\u00e9 et qu&#8217;il s&#8217;est r\u00e9v\u00e9l\u00e9 \u00eatre un bon compromis entre les deux parties.<\/p>\n\n\n\n<figure class=\"wp-block-embed-youtube wp-block-embed is-type-video is-provider-youtube wp-embed-aspect-4-3 wp-has-aspect-ratio\"><div class=\"wp-block-embed__wrapper\">\n<iframe loading=\"lazy\" title=\"3T - Anything\" width=\"640\" height=\"480\" src=\"https:\/\/www.youtube.com\/embed\/EBoX-wYhs-U?feature=oembed\" frameborder=\"0\" allow=\"accelerometer; autoplay; clipboard-write; encrypted-media; gyroscope; picture-in-picture; web-share\" referrerpolicy=\"strict-origin-when-cross-origin\" allowfullscreen><\/iframe>\n<\/div><\/figure>\n\n\n\n<p>Les 3T avaient pr\u00e9vu quelque chose cette ann\u00e9e pour c\u00e9l\u00e9brer les 25 ans de la sortie de &#8220;Brotherhood&#8221; mais la situation li\u00e9e au COVID-19 a remis tout \u00e7a en cause. <\/p>\n\n\n\n<p>Le groupe aurait n\u00e9anmoins toujours des projets pour la suite de sa carri\u00e8re musicale. <\/p>\n\n\n\n<p><strong>Source :  Taj Jackson &#8211; R\u00e9sum\u00e9 et traduction : MICHAELzine<\/strong><\/p>\n\n\n\n<figure class=\"wp-block-embed-youtube wp-block-embed is-type-video is-provider-youtube wp-embed-aspect-16-9 wp-has-aspect-ratio\"><div class=\"wp-block-embed__wrapper\">\n<iframe loading=\"lazy\" title=\"August 1st 2020 Livestream\" width=\"640\" height=\"360\" src=\"https:\/\/www.youtube.com\/embed\/-d1mi_BUL40?feature=oembed\" frameborder=\"0\" allow=\"accelerometer; autoplay; clipboard-write; encrypted-media; gyroscope; picture-in-picture; web-share\" referrerpolicy=\"strict-origin-when-cross-origin\" allowfullscreen><\/iframe>\n<\/div><\/figure>\n\n\n\n<p><\/p>\n\n\n\n<p><\/p>\n\n\n\n<p><\/p>\n\n\n\n<p><\/p>\n\n\n\n<p><\/p>\n","protected":false},"excerpt":{"rendered":"<p>Taj Jackson, l&#8217;un des neveux de Michael Jackson a r\u00e9pondu aux questions des internautes lors<\/p>\n","protected":false},"author":1,"featured_media":2993,"comment_status":"open","ping_status":"open","sticky":false,"template":"","format":"standard","meta":{"footnotes":""},"categories":[26,18],"tags":[],"class_list":["post-2964","post","type-post","status-publish","format-standard","has-post-thumbnail","hentry","category-news","category-youtube"],"_links":{"self":[{"href":"https:\/\/michaelzine.com\/Wordpress\/index.php?rest_route=\/wp\/v2\/posts\/2964"}],"collection":[{"href":"https:\/\/michaelzine.com\/Wordpress\/index.php?rest_route=\/wp\/v2\/posts"}],"about":[{"href":"https:\/\/michaelzine.com\/Wordpress\/index.php?rest_route=\/wp\/v2\/types\/post"}],"author":[{"embeddable":true,"href":"https:\/\/michaelzine.com\/Wordpress\/index.php?rest_route=\/wp\/v2\/users\/1"}],"replies":[{"embeddable":true,"href":"https:\/\/michaelzine.com\/Wordpress\/index.php?rest_route=%2Fwp%2Fv2%2Fcomments&post=2964"}],"version-history":[{"count":42,"href":"https:\/\/michaelzine.com\/Wordpress\/index.php?rest_route=\/wp\/v2\/posts\/2964\/revisions"}],"predecessor-version":[{"id":3088,"href":"https:\/\/michaelzine.com\/Wordpress\/index.php?rest_route=\/wp\/v2\/posts\/2964\/revisions\/3088"}],"wp:featuredmedia":[{"embeddable":true,"href":"https:\/\/michaelzine.com\/Wordpress\/index.php?rest_route=\/wp\/v2\/media\/2993"}],"wp:attachment":[{"href":"https:\/\/michaelzine.com\/Wordpress\/index.php?rest_route=%2Fwp%2Fv2%2Fmedia&parent=2964"}],"wp:term":[{"taxonomy":"category","embeddable":true,"href":"https:\/\/michaelzine.com\/Wordpress\/index.php?rest_route=%2Fwp%2Fv2%2Fcategories&post=2964"},{"taxonomy":"post_tag","embeddable":true,"href":"https:\/\/michaelzine.com\/Wordpress\/index.php?rest_route=%2Fwp%2Fv2%2Ftags&post=2964"}],"curies":[{"name":"wp","href":"https:\/\/api.w.org\/{rel}","templated":true}]}}