{"id":2885,"date":"2020-07-31T19:42:39","date_gmt":"2020-07-31T19:42:39","guid":{"rendered":"http:\/\/michaelzine.com\/Wordpress\/?p=2885"},"modified":"2020-07-31T19:42:41","modified_gmt":"2020-07-31T19:42:41","slug":"souvenirs-en-serie","status":"publish","type":"post","link":"https:\/\/michaelzine.com\/Wordpress\/?p=2885","title":{"rendered":"Souvenirs en s\u00e9rie"},"content":{"rendered":"\n<p>L&#8217;acteur am\u00e9ricain <strong><span class=\"has-inline-color has-vivid-red-color\">Jason Weaver <\/span><\/strong>a \u00e9voqu\u00e9 lors d&#8217;une interview diffus\u00e9e aujourd&#8217;hui par la radio <strong>The Core 94! <\/strong>\u00e0 travers plusieurs souvenirs la place que tenait dans son c\u0153ur et sa carri\u00e8re la mini-s\u00e9rie &#8220;<strong><span class=\"has-inline-color has-vivid-red-color\">The <em>Jacksons: An American Dream<\/em><\/span><\/strong>&#8221; diffus\u00e9e en <strong><span class=\"has-inline-color has-vivid-red-color\">1992<\/span><\/strong>.<\/p>\n\n\n\n<div class=\"wp-block-image\"><figure class=\"alignleft size-large is-resized\"><img loading=\"lazy\" decoding=\"async\" src=\"http:\/\/michaelzine.com\/Wordpress\/wp-content\/uploads\/2020\/07\/Jason_Weaver_The-Core-94_Interview_2020_The_Jacksons_an_american_dream.jpg\" alt=\"\" class=\"wp-image-2901\" width=\"315\" height=\"216\" srcset=\"https:\/\/michaelzine.com\/Wordpress\/wp-content\/uploads\/2020\/07\/Jason_Weaver_The-Core-94_Interview_2020_The_Jacksons_an_american_dream.jpg 918w, https:\/\/michaelzine.com\/Wordpress\/wp-content\/uploads\/2020\/07\/Jason_Weaver_The-Core-94_Interview_2020_The_Jacksons_an_american_dream-300x206.jpg 300w, https:\/\/michaelzine.com\/Wordpress\/wp-content\/uploads\/2020\/07\/Jason_Weaver_The-Core-94_Interview_2020_The_Jacksons_an_american_dream-768x527.jpg 768w\" sizes=\"(max-width: 315px) 100vw, 315px\" \/><\/figure><\/div>\n\n\n\n<p>J. Weaver s&#8217;est dit &#8220;<em>honor\u00e9 d&#8217;avoir \u00e9t\u00e9 personnellement choisi par [Michael Jackson] et d&#8217;avoir travaill\u00e9 avec lui et sa famille<\/em>&#8220;. <\/p>\n\n\n\n<p>Les Jackson qu&#8217;il consid\u00e8re personnellement comme <em>&#8221; la plus grande famille du monde du spectacle<\/em>&#8220;. <\/p>\n\n\n\n<p>A l&#8217;\u00e9poque,  il explique : &#8220;<em>J&#8217;avais 13-14 ans. J&#8217;aurai pu jouer un Michael plus jeune (&#8230;)  car j&#8217;\u00e9tais un petit enfant qui paraissait 10-11 ans. (&#8230;) C&#8217;\u00e9tait super :  travailler avec le casting, avec l&#8217;\u00e9quipe [de tournage],  le r\u00e9alisateur, les producteurs. C&#8217;\u00e9tait une production s\u00e9rieuse, avec certains acteurs renomm\u00e9s d&#8217;Hollywood<\/em>&#8220;.<\/p>\n\n\n\n<p>Il d\u00e9crit l&#8217;ambiance en dehors du tournage tr\u00e8s plaisante avec &#8220;<em>des batailles de bombes \u00e0 eau&#8221;, des &#8220;pool parties&#8221; <\/em>mais aussi des moments de travail o\u00f9 ils \u00e9taient ensemble , et<em> &#8220;apprenaient de tout le monde, les r\u00e9p\u00e9titions du dimanche avec notre chor\u00e9graphe Michael Peters<\/em>&#8220;.<\/p>\n\n\n\n<p>Concernant Michael Jackson, il confie &#8220;<em>ne pas l&#8217;avoir personnellement connu et ne pas avoir \u00e9t\u00e9 proche<\/em>&#8221; du chanteur. <\/p>\n\n\n\n<p>Il explique &#8220;<em>avoir eu une br\u00e8ve occasion de le rencontrer sur le plateau quand il \u00e9tait venu pour parler \u00e0 quelques acteurs et leur faire savoir qu&#8217;il appr\u00e9ciait le temps, le travail et l&#8217;\u00e9nergie<\/em>&#8221; qu&#8217;ils mettaient dans ce projet.<\/p>\n\n\n\n<p>Pour Jason Weaver, cette rencontre \u00e9tait importante pour le jeune acteur qu&#8217;il \u00e9tait car elle a permis de &#8220;<em>le conforter<\/em>&#8221;  quand MJ lui a dit en substance &#8220;<em>tu fais un excellent travail, continue ainsi<\/em>&#8220;.<\/p>\n\n\n\n<p>Il pr\u00e9cise s&#8217;\u00eatre senti l\u00e9gitime dans ce r\u00f4le : &#8221; <em>Vous savez, pour moi \u00e0 cet \u00e2ge et \u00e0 ce moment c&#8217;\u00e9tait tout ce dont j&#8217;avais vraiment besoin, (&#8230;) la confirmation que j&#8217;\u00e9tais cens\u00e9 \u00eatre l\u00e0 et qu&#8217;il voulait que j&#8217;y sois, qu&#8217;il respectait le temps et l&#8217;\u00e9nergie et la concentration que j&#8217;y mettais.<\/em><\/p>\n\n\n\n<p><em>En ce sens, je me sens \u00e9panoui de savoir qu&#8217;il appr\u00e9ciait ce que je faisais.<\/em>&#8220;<\/p>\n\n\n\n<figure class=\"wp-block-image size-large\"><img loading=\"lazy\" decoding=\"async\" width=\"1024\" height=\"742\" src=\"http:\/\/michaelzine.com\/Wordpress\/wp-content\/uploads\/2020\/07\/the_jacksons_an_american_dream_tv_series_1992_01-1024x742.jpg\" alt=\"\" class=\"wp-image-2897\" srcset=\"https:\/\/michaelzine.com\/Wordpress\/wp-content\/uploads\/2020\/07\/the_jacksons_an_american_dream_tv_series_1992_01-1024x742.jpg 1024w, https:\/\/michaelzine.com\/Wordpress\/wp-content\/uploads\/2020\/07\/the_jacksons_an_american_dream_tv_series_1992_01-300x217.jpg 300w, https:\/\/michaelzine.com\/Wordpress\/wp-content\/uploads\/2020\/07\/the_jacksons_an_american_dream_tv_series_1992_01-768x556.jpg 768w, https:\/\/michaelzine.com\/Wordpress\/wp-content\/uploads\/2020\/07\/the_jacksons_an_american_dream_tv_series_1992_01.jpg 1441w\" sizes=\"(max-width: 1024px) 100vw, 1024px\" \/><\/figure>\n\n\n\n<p>Jason Weaver n&#8217;est pas seulement reconnaissant envers MJ, la famille Jackson, les producteurs de la s\u00e9rie. Il ajoute : &#8220;<em>Je souhaite remercier tout le monde pour toutes les marques d&#8217;affection que je re\u00e7ois sur les r\u00e9seaux sociaux , (&#8230;) dans les commentaires, de personnes qui me disent \u00e0 quel point ils aiment la mini-s\u00e9rie et respectent ma prestation<\/em>.&#8221; <\/p>\n\n\n\n<p>C&#8217;est en tournant sur la s\u00e9rie &#8220;The Jacksons : An American Dream&#8221;, que Jason Weaver a \u00e9t\u00e9 rep\u00e9r\u00e9 pour faire la voix chant\u00e9e de Simba dans le film d&#8217;animation &#8220;Le Roi Lion&#8221; (1994) des studios Disney : <\/p>\n\n\n\n<div class=\"wp-block-image\"><figure class=\"alignright size-large is-resized\"><img loading=\"lazy\" decoding=\"async\" src=\"http:\/\/michaelzine.com\/Wordpress\/wp-content\/uploads\/2020\/07\/Jason_Weaver_The-Core-94_Interview.jpg\" alt=\"\" class=\"wp-image-2899\" width=\"357\" height=\"242\" srcset=\"https:\/\/michaelzine.com\/Wordpress\/wp-content\/uploads\/2020\/07\/Jason_Weaver_The-Core-94_Interview.jpg 925w, https:\/\/michaelzine.com\/Wordpress\/wp-content\/uploads\/2020\/07\/Jason_Weaver_The-Core-94_Interview-300x203.jpg 300w, https:\/\/michaelzine.com\/Wordpress\/wp-content\/uploads\/2020\/07\/Jason_Weaver_The-Core-94_Interview-768x521.jpg 768w\" sizes=\"(max-width: 357px) 100vw, 357px\" \/><\/figure><\/div>\n\n\n\n<p>&#8220;<em>Des stars de renom visitaient le plateau parce qu&#8217;elles \u00e9taient toutes curieuses de ce que nous faisions [sur la vie] des Jackson, parce que \u00e0 ce moment-l\u00e0, Michael Jackson \u00e9tait sans doute la plus grande star mondiale. <\/em><\/p>\n\n\n\n<p><em>Je suppose , que comme les autres, Elton John est venu par curiosit\u00e9. (&#8230;) Il \u00e9tait l\u00e0 et ce jour en particulier nous faisions une performance sur [la chanson] &#8220;Who&#8217;s loving you&#8221;. Et l&#8217;ing\u00e9nieur du son sur le plateau a rencontr\u00e9 un probl\u00e8me pour lancer le playback que nous avions enregistr\u00e9. (&#8230;)<\/em><\/p>\n\n\n\n<p><em>La r\u00e9alisatrice est venue me trouver et elle m&#8217;a dit &#8220;tu vas devoir chanter \u00e7a<\/em>  <em>en live car on ne peut plus perdre de temps pour essayer de r\u00e9soudre ce probl\u00e8me&#8221;. (&#8230;)  <br>J&#8217;avais &#8220;faim&#8221; et j&#8217;ai voulu le faire car j&#8217;\u00e9tais l\u00e0 pour jouer. (&#8230;) Sans que je le sache, Elton John \u00e9tait dans l&#8217;assistance pendant que je performais. Par chance, il a entendu ma voix  [chant\u00e9e] brute en direct. Je pense que c&#8217;est ce qui  l&#8217;a pouss\u00e9 \u00e0 parler [de moi] \u00e0 une des personnes de Disney avec qui il travaillait pour contacter mes repr\u00e9sentants et ma m\u00e8re pour conna\u00eetre mes disponibilit\u00e9s afin de participer aux auditions pour &#8220;Le Roi Lion&#8221;. <\/em><\/p>\n\n\n\n<p><em>En fait, je suis all\u00e9 chez Disney le lendemain du bouclage de la mini-s\u00e9rie sur les Jackson&#8221;. <\/em><\/p>\n\n\n\n<figure class=\"wp-block-embed-youtube wp-block-embed is-type-video is-provider-youtube wp-embed-aspect-4-3 wp-has-aspect-ratio\"><div class=\"wp-block-embed__wrapper\">\nhttps:\/\/youtu.be\/-Nxoel-fQf4\n<\/div><\/figure>\n\n\n\n<p><\/p>\n\n\n\n<p>En 2019 d\u00e9j\u00e0, (lors d&#8217;une interview pour VLADTV), Jason Weaver avait tenu des propos respectueux envers MJ ainsi que la famille Jackson et s&#8217;\u00e9tait montr\u00e9 honor\u00e9 d&#8217;avoir particip\u00e9 \u00e0 la mini-s\u00e9rie qui leur avait \u00e9t\u00e9 consacr\u00e9e. C&#8217;\u00e9tait pourtant en septembre de l&#8217;ann\u00e9e derni\u00e8re, ann\u00e9e marqu\u00e9e par la diffamation &#8220;Leaving Neverland&#8221; contre Michael Jackson et de nombreux retournements de vestes. Mais pas pour Weaver.<\/p>\n\n\n\n<p>Notons en plus qu&#8217;\u00e0 la diff\u00e9rence de pas mal de personnes depuis l&#8217;\u00e8re posthume, Jason Weaver ne s&#8217;est pas invent\u00e9 une relation avec Michael Jackson. Il donne ici un t\u00e9moignage d&#8217;une grande honn\u00eatet\u00e9. <\/p>\n\n\n\n<p>Respect Mr Weaver ! <\/p>\n\n\n\n<p><strong>Sources : The Core 94! \/ MICHAELzine<\/strong><\/p>\n\n\n\n<p><\/p>\n\n\n\n<p><\/p>\n\n\n\n<figure class=\"wp-block-embed-youtube wp-block-embed is-type-video is-provider-youtube wp-embed-aspect-4-3 wp-has-aspect-ratio\"><div class=\"wp-block-embed__wrapper\">\nhttps:\/\/youtu.be\/dzFVLuehHjk\n<\/div><\/figure>\n\n\n\n<p><br><\/p>\n\n\n\n<p><br><\/p>\n\n\n\n<p><\/p>\n\n\n\n<p><\/p>\n\n\n\n<p><\/p>\n","protected":false},"excerpt":{"rendered":"<p>L&#8217;acteur am\u00e9ricain Jason Weaver a \u00e9voqu\u00e9 lors d&#8217;une interview diffus\u00e9e aujourd&#8217;hui par la radio The<\/p>\n","protected":false},"author":1,"featured_media":2886,"comment_status":"open","ping_status":"open","sticky":false,"template":"","format":"standard","meta":{"footnotes":""},"categories":[26,18],"tags":[],"class_list":["post-2885","post","type-post","status-publish","format-standard","has-post-thumbnail","hentry","category-news","category-youtube"],"_links":{"self":[{"href":"https:\/\/michaelzine.com\/Wordpress\/index.php?rest_route=\/wp\/v2\/posts\/2885"}],"collection":[{"href":"https:\/\/michaelzine.com\/Wordpress\/index.php?rest_route=\/wp\/v2\/posts"}],"about":[{"href":"https:\/\/michaelzine.com\/Wordpress\/index.php?rest_route=\/wp\/v2\/types\/post"}],"author":[{"embeddable":true,"href":"https:\/\/michaelzine.com\/Wordpress\/index.php?rest_route=\/wp\/v2\/users\/1"}],"replies":[{"embeddable":true,"href":"https:\/\/michaelzine.com\/Wordpress\/index.php?rest_route=%2Fwp%2Fv2%2Fcomments&post=2885"}],"version-history":[{"count":19,"href":"https:\/\/michaelzine.com\/Wordpress\/index.php?rest_route=\/wp\/v2\/posts\/2885\/revisions"}],"predecessor-version":[{"id":2908,"href":"https:\/\/michaelzine.com\/Wordpress\/index.php?rest_route=\/wp\/v2\/posts\/2885\/revisions\/2908"}],"wp:featuredmedia":[{"embeddable":true,"href":"https:\/\/michaelzine.com\/Wordpress\/index.php?rest_route=\/wp\/v2\/media\/2886"}],"wp:attachment":[{"href":"https:\/\/michaelzine.com\/Wordpress\/index.php?rest_route=%2Fwp%2Fv2%2Fmedia&parent=2885"}],"wp:term":[{"taxonomy":"category","embeddable":true,"href":"https:\/\/michaelzine.com\/Wordpress\/index.php?rest_route=%2Fwp%2Fv2%2Fcategories&post=2885"},{"taxonomy":"post_tag","embeddable":true,"href":"https:\/\/michaelzine.com\/Wordpress\/index.php?rest_route=%2Fwp%2Fv2%2Ftags&post=2885"}],"curies":[{"name":"wp","href":"https:\/\/api.w.org\/{rel}","templated":true}]}}