{"id":2460,"date":"2020-07-12T21:56:39","date_gmt":"2020-07-12T21:56:39","guid":{"rendered":"http:\/\/michaelzine.com\/Wordpress\/?p=2460"},"modified":"2020-08-04T21:15:47","modified_gmt":"2020-08-04T21:15:47","slug":"les-grammy-celebrent-we-are-the-world","status":"publish","type":"post","link":"https:\/\/michaelzine.com\/Wordpress\/?p=2460","title":{"rendered":"Les Grammy c\u00e9l\u00e8brent We Are The World"},"content":{"rendered":"\n<p>D\u00e9but juillet, les Grammy Awards ont d\u00e9cid\u00e9 de c\u00e9l\u00e9brer la victoire du titre &#8220;We Are The World&#8221; comme &#8220;Chanson de l&#8217;ann\u00e9e&#8221; 1985. <\/p>\n\n\n\n<figure class=\"wp-block-embed-youtube aligncenter wp-block-embed is-type-video is-provider-youtube wp-embed-aspect-16-9 wp-has-aspect-ratio\"><div class=\"wp-block-embed__wrapper\">\n<iframe loading=\"lazy\" title=\"Michael Jackson &amp; Lionel Richie Win Song Of The Year For &quot;We Are The World&quot; | GRAMMY Rewind\" width=\"640\" height=\"360\" src=\"https:\/\/www.youtube.com\/embed\/bfAcSTGqTJs?feature=oembed\" frameborder=\"0\" allow=\"accelerometer; autoplay; clipboard-write; encrypted-media; gyroscope; picture-in-picture; web-share\" referrerpolicy=\"strict-origin-when-cross-origin\" allowfullscreen><\/iframe>\n<\/div><\/figure>\n\n\n\n<p>Alors que le titre c\u00e9l\u00e8bre ses 35 ans, un \u00e9pisode de <strong>GRAMMY Rewind<\/strong> sur Youtube, a remis en lumi\u00e8re les 28e GRAMMY Awards, qui s&#8217;\u00e9taient  d\u00e9roul\u00e9s \u00e0 Los Angeles en 1986, lorsque le morceau de sept minutes interpr\u00e9t\u00e9 par une pl\u00e9iade de stars, \u00e9crit par Michael Jackson et Lionel Richie et produit par Quincy Jones, avait remport\u00e9 un total de 4 troph\u00e9es.<\/p>\n\n\n\n<p>&#8220;<em>Nous sommes si fiers d&#8217;\u00eatre des personnes qui font partie d&#8217;une industrie, l&#8217;industrie musicale,  qui lorsque le monde a besoin de s&#8217;entraider, sait r\u00e9pondre pr\u00e9sente<\/em>&#8220;, avait d\u00e9clar\u00e9 Richie \u00e0 ses pairs alors que lui et Jackson acceptaient le GRAMMY de la chanson de l&#8217;ann\u00e9e. <\/p>\n\n\n\n<p>La timidit\u00e9 de MJ tranchait avec l&#8217;assurance de Lionel Richie. D&#8217;une petite voix, Michael d\u00e9clarait &#8220;<em>Je voudrais d&#8217;abord remercier Dieu, merci pour avoir choisi Lionel et moi-m\u00eame pour composer &#8220;We are the World&#8221;, je remercie Quincy Jones, qui est pour moi  le plus grand producteur, et je voudrais ajouter, quand vous partirez d&#8217;ici , pensez aux enfants.<\/em>&#8220;<\/p>\n\n\n\n<p>Allusion faite aux paroles de la chanson (&#8220;We are the world, we are the children&#8221;) ainsi qu&#8217;\u00e0 ces images pr\u00e9sentes dans toutes les t\u00eates et diffus\u00e9es \u00e0 la t\u00e9l\u00e9vision  \u00e0 l&#8217;\u00e9poque montrant des enfants africains rachitiques victimes de la famine. <\/p>\n\n\n\n<p><\/p>\n\n\n\n<p>Dans les coulisses, Richie s&#8217;\u00e9tait excus\u00e9 aupr\u00e8s des journalistes pour son co-auteur peu bavard en d\u00e9crivant Jackson comme  &#8220;tellement timide&#8221;, mais &#8220;tr\u00e8s fier de leur projet&#8221;. <\/p>\n\n\n\n<p>Expliquant au sujet de la chanson &#8220;We are the World&#8221; : &#8220;Nous ne l&#8217;avons pas \u00e9crite pour gagner un prix ou quoi que ce soit &#8211; nous l&#8217;avons  \u00e9crite pour sauver des vies.&#8221;<\/p>\n\n\n\n<p>Ph\u00e9nom\u00e8ne culturel et succ\u00e8s commercial majeur des ann\u00e9es 80, &#8220;We Are The World&#8221; se serait vendu \u00e0 20 millions d&#8217;exemplaires dans le monde et aurait permis de collecter plus de 75 millions de dollars pour lutter contre la famine en Afrique.<\/p>\n\n\n\n<div style=\"height:24px\" aria-hidden=\"true\" class=\"wp-block-spacer\"><\/div>\n\n\n\n<div class=\"wp-block-image\"><figure class=\"aligncenter size-large\"><img loading=\"lazy\" decoding=\"async\" width=\"600\" height=\"798\" src=\"http:\/\/michaelzine.com\/Wordpress\/wp-content\/uploads\/2020\/07\/we-are-the-world-proceeds-cbs-records-may-1985-1.jpg\" alt=\"\" class=\"wp-image-2482\" srcset=\"https:\/\/michaelzine.com\/Wordpress\/wp-content\/uploads\/2020\/07\/we-are-the-world-proceeds-cbs-records-may-1985-1.jpg 600w, https:\/\/michaelzine.com\/Wordpress\/wp-content\/uploads\/2020\/07\/we-are-the-world-proceeds-cbs-records-may-1985-1-226x300.jpg 226w\" sizes=\"(max-width: 600px) 100vw, 600px\" \/><figcaption>Le 16 mai 1985, CBS Records annon\u00e7ait le premier versement des b\u00e9n\u00e9fices de &#8220;We Are The World&#8221;, soit 6,5 millions de $, \u00e0 la fondation &#8220;USA for Africa&#8221;.<\/figcaption><\/figure><\/div>\n\n\n\n<div style=\"height:24px\" aria-hidden=\"true\" class=\"wp-block-spacer\"><\/div>\n\n\n\n<p>Grammy Rewind avait d\u00e9j\u00e0 propos\u00e9 en f\u00e9vrier une autre vid\u00e9o en rapport avec Michael Jackson, \u00e0 savoir la r\u00e9ception de la r\u00e9compense &#8220;Meilleure Performance Vocale Pop Masculine&#8221; pour &#8220;Thriller&#8221; en 1984. <\/p>\n\n\n\n<figure class=\"wp-block-embed-youtube wp-block-embed is-type-video is-provider-youtube wp-embed-aspect-16-9 wp-has-aspect-ratio\"><div class=\"wp-block-embed__wrapper\">\n<iframe loading=\"lazy\" title=\"Michael Jackson Wins Best Pop Vocal Performance For &#039;Thriller&#039; | GRAMMY Rewind\" width=\"640\" height=\"360\" src=\"https:\/\/www.youtube.com\/embed\/RaR5dcf4I4s?feature=oembed\" frameborder=\"0\" allow=\"accelerometer; autoplay; clipboard-write; encrypted-media; gyroscope; picture-in-picture; web-share\" referrerpolicy=\"strict-origin-when-cross-origin\" allowfullscreen><\/iframe>\n<\/div><\/figure>\n\n\n\n<p><\/p>\n\n\n\n<p>On ne peut que se f\u00e9liciter de l&#8217;arriv\u00e9e d&#8217;un contenu officiel en streaming. Elle ne concerne pas uniquement les Grammy puisque, comme nous l&#8217;apprenait le site MJFrance, d&#8217;autres archives mythiques vont progressivement \u00eatre mises en ligne sur Youtube &#8220;au cours des trois prochaines ann\u00e9es&#8221; : des moments du &#8220;Ed Sullivan Show&#8221; &#8220;restaur\u00e9s num\u00e9riquement&#8221;.<\/p>\n\n\n\n<div class=\"wp-block-group\"><div class=\"wp-block-group__inner-container is-layout-flow wp-block-group-is-layout-flow\">\n<div class=\"wp-block-group\"><div class=\"wp-block-group__inner-container is-layout-flow wp-block-group-is-layout-flow\">\n<figure class=\"wp-block-embed-wordpress wp-block-embed is-type-wp-embed is-provider-mjfrance\"><div class=\"wp-block-embed__wrapper\">\n<blockquote class=\"wp-embedded-content\" data-secret=\"vwO8Cz19zl\"><a href=\"https:\/\/mjfrance.com\/les-videos-ded-sullivan-arrivent-officiellement-sur-you-tube\/\">Les vid\u00e9os d&rsquo;Ed Sullivan arrivent officiellement sur You Tube&#8230;<\/a><\/blockquote><iframe loading=\"lazy\" class=\"wp-embedded-content\" sandbox=\"allow-scripts\" security=\"restricted\" style=\"position: absolute; clip: rect(1px, 1px, 1px, 1px);\" title=\"\u00ab\u00a0Les vid\u00e9os d&rsquo;Ed Sullivan arrivent officiellement sur You Tube&#8230;\u00a0\u00bb &#8212; MJFrance\" src=\"https:\/\/mjfrance.com\/les-videos-ded-sullivan-arrivent-officiellement-sur-you-tube\/embed\/#?secret=vwO8Cz19zl\" data-secret=\"vwO8Cz19zl\" width=\"600\" height=\"338\" frameborder=\"0\" marginwidth=\"0\" marginheight=\"0\" scrolling=\"no\"><\/iframe>\n<\/div><\/figure>\n<\/div><\/div>\n<\/div><\/div>\n\n\n\n<p> Nul doute, que ces grands moments de la culture contemporaine vont (re)trouver leur public via Internet. <\/p>\n\n\n\n<p><\/p>\n\n\n\n<p><strong>Sources : grammy.com \/ washingtonpost.com \/ MFrance \/ MICHAELzine<\/strong><\/p>\n\n\n\n<p><\/p>\n\n\n\n<div class=\"wp-block-group is-layout-flow wp-block-group-is-layout-flow\"><div class=\"wp-block-group__inner-container\"><\/div><\/div>\n","protected":false},"excerpt":{"rendered":"<p>D\u00e9but juillet, les Grammy Awards ont d\u00e9cid\u00e9 de c\u00e9l\u00e9brer la victoire du titre &#8220;We Are<\/p>\n","protected":false},"author":1,"featured_media":2464,"comment_status":"closed","ping_status":"open","sticky":false,"template":"","format":"standard","meta":{"footnotes":""},"categories":[26],"tags":[],"class_list":["post-2460","post","type-post","status-publish","format-standard","has-post-thumbnail","hentry","category-news"],"_links":{"self":[{"href":"https:\/\/michaelzine.com\/Wordpress\/index.php?rest_route=\/wp\/v2\/posts\/2460"}],"collection":[{"href":"https:\/\/michaelzine.com\/Wordpress\/index.php?rest_route=\/wp\/v2\/posts"}],"about":[{"href":"https:\/\/michaelzine.com\/Wordpress\/index.php?rest_route=\/wp\/v2\/types\/post"}],"author":[{"embeddable":true,"href":"https:\/\/michaelzine.com\/Wordpress\/index.php?rest_route=\/wp\/v2\/users\/1"}],"replies":[{"embeddable":true,"href":"https:\/\/michaelzine.com\/Wordpress\/index.php?rest_route=%2Fwp%2Fv2%2Fcomments&post=2460"}],"version-history":[{"count":25,"href":"https:\/\/michaelzine.com\/Wordpress\/index.php?rest_route=\/wp\/v2\/posts\/2460\/revisions"}],"predecessor-version":[{"id":2488,"href":"https:\/\/michaelzine.com\/Wordpress\/index.php?rest_route=\/wp\/v2\/posts\/2460\/revisions\/2488"}],"wp:featuredmedia":[{"embeddable":true,"href":"https:\/\/michaelzine.com\/Wordpress\/index.php?rest_route=\/wp\/v2\/media\/2464"}],"wp:attachment":[{"href":"https:\/\/michaelzine.com\/Wordpress\/index.php?rest_route=%2Fwp%2Fv2%2Fmedia&parent=2460"}],"wp:term":[{"taxonomy":"category","embeddable":true,"href":"https:\/\/michaelzine.com\/Wordpress\/index.php?rest_route=%2Fwp%2Fv2%2Fcategories&post=2460"},{"taxonomy":"post_tag","embeddable":true,"href":"https:\/\/michaelzine.com\/Wordpress\/index.php?rest_route=%2Fwp%2Fv2%2Ftags&post=2460"}],"curies":[{"name":"wp","href":"https:\/\/api.w.org\/{rel}","templated":true}]}}