{"id":1552,"date":"2018-01-05T06:10:00","date_gmt":"2018-01-05T06:10:00","guid":{"rendered":"http:\/\/michaelzine.com\/Wordpress\/?p=1552"},"modified":"2021-08-03T23:14:59","modified_gmt":"2021-08-03T23:14:59","slug":"music-star-zone-a-seoul","status":"publish","type":"post","link":"https:\/\/michaelzine.com\/Wordpress\/?p=1552","title":{"rendered":"Music Star Zone \u00e0 S\u00e9oul"},"content":{"rendered":"\n<p>La ville de S\u00e9oul en Cor\u00e9e du Sud vient d\u2019inaugurer un espace temporaire baptis\u00e9 \u201cMusic Star Zone\u201d \u00e0 proximit\u00e9 du stade olympique et du complexe sportif Jamsil, des lieux connus pour avoir accueilli plusieurs chanteurs c\u00e9l\u00e8bres.<\/p>\n\n\n\n<figure class=\"wp-block-gallery aligncenter columns-2 is-cropped wp-block-gallery-1 is-layout-flex wp-block-gallery-is-layout-flex\"><ul class=\"blocks-gallery-grid\"><li class=\"blocks-gallery-item\"><figure><img loading=\"lazy\" decoding=\"async\" width=\"308\" height=\"234\" src=\"http:\/\/michaelzine.com\/Wordpress\/wp-content\/uploads\/2020\/06\/music_star_zone_areas_5.jpg\" alt=\"\" data-id=\"1554\" data-full-url=\"http:\/\/michaelzine.com\/Wordpress\/wp-content\/uploads\/2020\/06\/music_star_zone_areas_5.jpg\" data-link=\"http:\/\/michaelzine.com\/Wordpress\/?attachment_id=1554\" class=\"wp-image-1554\" srcset=\"https:\/\/michaelzine.com\/Wordpress\/wp-content\/uploads\/2020\/06\/music_star_zone_areas_5.jpg 308w, https:\/\/michaelzine.com\/Wordpress\/wp-content\/uploads\/2020\/06\/music_star_zone_areas_5-300x228.jpg 300w\" sizes=\"(max-width: 308px) 100vw, 308px\" \/><\/figure><\/li><li class=\"blocks-gallery-item\"><figure><img loading=\"lazy\" decoding=\"async\" width=\"1024\" height=\"768\" src=\"http:\/\/michaelzine.com\/Wordpress\/wp-content\/uploads\/2020\/06\/Music-Star-Zone_korea-1024x768.jpg\" alt=\"\" data-id=\"1555\" data-full-url=\"http:\/\/michaelzine.com\/Wordpress\/wp-content\/uploads\/2020\/06\/Music-Star-Zone_korea.jpg\" data-link=\"http:\/\/michaelzine.com\/Wordpress\/?attachment_id=1555\" class=\"wp-image-1555\" srcset=\"https:\/\/michaelzine.com\/Wordpress\/wp-content\/uploads\/2020\/06\/Music-Star-Zone_korea-1024x768.jpg 1024w, https:\/\/michaelzine.com\/Wordpress\/wp-content\/uploads\/2020\/06\/Music-Star-Zone_korea-300x225.jpg 300w, https:\/\/michaelzine.com\/Wordpress\/wp-content\/uploads\/2020\/06\/Music-Star-Zone_korea-768x576.jpg 768w, https:\/\/michaelzine.com\/Wordpress\/wp-content\/uploads\/2020\/06\/Music-Star-Zone_korea.jpg 1200w\" sizes=\"(max-width: 1024px) 100vw, 1024px\" \/><\/figure><\/li><\/ul><\/figure>\n\n\n\n<p>La \u00abMusic Star Zone\u00bb, r\u00e9cemment cr\u00e9\u00e9e, pr\u00e9sente des empreintes de mains et des visuels comm\u00e9moratifs pour 30 musiciens c\u00e9l\u00e8bres de Cor\u00e9e et de l\u2019\u00e9tranger, en souvenir de leurs performances.<\/p>\n\n\n\n<div class=\"wp-block-image\"><figure class=\"alignright size-large is-resized\"><img loading=\"lazy\" decoding=\"async\" src=\"http:\/\/michaelzine.com\/Wordpress\/wp-content\/uploads\/2020\/06\/Michael-And-Kim-Dae-Jung-korea.jpg\" alt=\"\" class=\"wp-image-1557\" width=\"305\" height=\"261\" srcset=\"https:\/\/michaelzine.com\/Wordpress\/wp-content\/uploads\/2020\/06\/Michael-And-Kim-Dae-Jung-korea.jpg 500w, https:\/\/michaelzine.com\/Wordpress\/wp-content\/uploads\/2020\/06\/Michael-And-Kim-Dae-Jung-korea-300x257.jpg 300w\" sizes=\"(max-width: 305px) 100vw, 305px\" \/><\/figure><\/div>\n\n\n\n<p>Michael Jackson, fait partie avec notamment Paul McCartney et Coldplay des stars c\u00e9l\u00e9br\u00e9es.<\/p>\n\n\n\n<p>En 1996, le Roi de la Pop avait donn\u00e9 deux concerts du HIStory Tour au stade olympique devant un total de 100 000 spectateurs. <\/p>\n\n\n\n<p>En 1999, l\u2019un des deux concerts caritatifs \u201cMJ &amp; Friends\u201d avait eu lieu \u00e0 S\u00e9oul pour r\u00e9colter des fonds pour l\u2019UNESCO mais aussi le Fonds d\u2019aide \u00e0 l\u2019enfance Nelson Mandela et la Croix rouge.<\/p>\n\n\n\n<p>Ces deux concerts (Munich\/S\u00e9oul) avaient initi\u00e9 le projet \u201cAn Adventure of Humanity\u201d.<\/p>\n\n\n\n<div class=\"wp-block-image\"><figure class=\"aligncenter size-large\"><img loading=\"lazy\" decoding=\"async\" width=\"1024\" height=\"516\" src=\"http:\/\/michaelzine.com\/Wordpress\/wp-content\/uploads\/2020\/06\/adventureofhumanity_michael_jackson_nelson_mandela-1024x516.jpg\" alt=\"\" class=\"wp-image-1560\" srcset=\"https:\/\/michaelzine.com\/Wordpress\/wp-content\/uploads\/2020\/06\/adventureofhumanity_michael_jackson_nelson_mandela-1024x516.jpg 1024w, https:\/\/michaelzine.com\/Wordpress\/wp-content\/uploads\/2020\/06\/adventureofhumanity_michael_jackson_nelson_mandela-300x151.jpg 300w, https:\/\/michaelzine.com\/Wordpress\/wp-content\/uploads\/2020\/06\/adventureofhumanity_michael_jackson_nelson_mandela-768x387.jpg 768w, https:\/\/michaelzine.com\/Wordpress\/wp-content\/uploads\/2020\/06\/adventureofhumanity_michael_jackson_nelson_mandela.jpg 1406w\" sizes=\"(max-width: 1024px) 100vw, 1024px\" \/><\/figure><\/div>\n\n\n\n<p><a href=\"https:\/\/richard-nilsson.com\/adventure-of-humanity\/\">https:\/\/richard-nilsson.com\/adventure-of-humanity\/<\/a><\/p>\n\n\n\n<p>Pour l\u2019anecdote, r\u00e9anim\u00e9 en 2015 en lien avec la famille Jackson (Joe et Katherine) ainsi que le petit-fils de N. Mandela, le projet a organis\u00e9 en 2017 \u201cla Journ\u00e9e mondiale Adventure of Humanity\u201d.<\/p>\n\n\n\n<p><br><a href=\"https:\/\/www.prnewswire.com\/fr\/communiques-de-presse\/la-journee-mondiale-adventure-of-humanity-rassemble-les-principales-organisations-humanitaires-internationales-623936364.html\">https:\/\/www.prnewswire.com\/fr\/communiques-de-presse\/la-journee-mondiale-adventure-of-humanity-rassemble-les-principales-organisations-humanitaires-internationales-623936364.html<\/a><\/p>\n\n\n\n<p><strong>Sources : <a href=\"http:\/\/english.seoul.go.kr\/seoul-creates-music-star-zone-featuring-michael-jackson-bts-celebrities-jamsil-sports-complex\/\">english.seoul.go.kr<\/a> \/ richard-nilsson.com \/ MJLegend<\/strong><\/p>\n\n\n\n<p><\/p>\n","protected":false},"excerpt":{"rendered":"<p>La ville de S\u00e9oul en Cor\u00e9e du Sud vient d\u2019inaugurer un espace temporaire baptis\u00e9 \u201cMusic<\/p>\n","protected":false},"author":1,"featured_media":1553,"comment_status":"open","ping_status":"open","sticky":false,"template":"","format":"standard","meta":{"footnotes":""},"categories":[26],"tags":[],"class_list":["post-1552","post","type-post","status-publish","format-standard","has-post-thumbnail","hentry","category-news"],"_links":{"self":[{"href":"https:\/\/michaelzine.com\/Wordpress\/index.php?rest_route=\/wp\/v2\/posts\/1552"}],"collection":[{"href":"https:\/\/michaelzine.com\/Wordpress\/index.php?rest_route=\/wp\/v2\/posts"}],"about":[{"href":"https:\/\/michaelzine.com\/Wordpress\/index.php?rest_route=\/wp\/v2\/types\/post"}],"author":[{"embeddable":true,"href":"https:\/\/michaelzine.com\/Wordpress\/index.php?rest_route=\/wp\/v2\/users\/1"}],"replies":[{"embeddable":true,"href":"https:\/\/michaelzine.com\/Wordpress\/index.php?rest_route=%2Fwp%2Fv2%2Fcomments&post=1552"}],"version-history":[{"count":7,"href":"https:\/\/michaelzine.com\/Wordpress\/index.php?rest_route=\/wp\/v2\/posts\/1552\/revisions"}],"predecessor-version":[{"id":4437,"href":"https:\/\/michaelzine.com\/Wordpress\/index.php?rest_route=\/wp\/v2\/posts\/1552\/revisions\/4437"}],"wp:featuredmedia":[{"embeddable":true,"href":"https:\/\/michaelzine.com\/Wordpress\/index.php?rest_route=\/wp\/v2\/media\/1553"}],"wp:attachment":[{"href":"https:\/\/michaelzine.com\/Wordpress\/index.php?rest_route=%2Fwp%2Fv2%2Fmedia&parent=1552"}],"wp:term":[{"taxonomy":"category","embeddable":true,"href":"https:\/\/michaelzine.com\/Wordpress\/index.php?rest_route=%2Fwp%2Fv2%2Fcategories&post=1552"},{"taxonomy":"post_tag","embeddable":true,"href":"https:\/\/michaelzine.com\/Wordpress\/index.php?rest_route=%2Fwp%2Fv2%2Ftags&post=1552"}],"curies":[{"name":"wp","href":"https:\/\/api.w.org\/{rel}","templated":true}]}}